{"id":31870,"date":"2023-11-14T08:16:56","date_gmt":"2023-11-14T07:16:56","guid":{"rendered":"https:\/\/www.zsvyhlidka.cz\/?p=31870"},"modified":"2023-11-14T08:16:58","modified_gmt":"2023-11-14T07:16:58","slug":"zaci-zs-vyhlidka-zazarili-na-turnaji-v-halove-kopane","status":"publish","type":"post","link":"https:\/\/www.zsvyhlidka.cz\/?p=31870","title":{"rendered":"\u017d\u00e1ci Z\u0160 Vyhl\u00eddka zaz\u00e1\u0159ili na turnaji v halov\u00e9 kopan\u00e9"},"content":{"rendered":"\n<p>V\u00fdkony \u0161koln\u00edho fotbalov\u00e9ho t\u00fdmu v halov\u00e9 kopan\u00e9 nez\u016fstaly nepov\u0161imnuty, kdy\u017e se \u017e\u00e1ci 8. a 9. t\u0159\u00edd Z\u00e1kladn\u00ed \u0161koly Vyhl\u00eddka \u00fasp\u011b\u0161n\u011b probojovali a\u017e do okresn\u00edho kola turnaje.<\/p>\n\n\n\n<p>V okrskov\u00e9m kole, kter\u00e9 prob\u011bhlo 25. \u0159\u00edjna 2023, p\u0159edvedli na\u0161i mlad\u00ed sportovci skv\u011bl\u00e9 v\u00fdkony a suver\u00e9nn\u011b vyhr\u00e1li, \u010d\u00edm\u017e si zajistili postup do n\u00e1sleduj\u00edc\u00ed f\u00e1ze sout\u011b\u017ee. S bohat\u00fdm nad\u0161en\u00edm a odhodl\u00e1n\u00edm uk\u00e1zali, \u017ee se na Z\u0160 Vyhl\u00eddka rod\u00ed budouc\u00ed fotbalov\u00e9 hv\u011bzdy.<\/p>\n\n\n\n<p>O n\u011bco pozd\u011bji, dne 10. listopadu 2023, se na\u0161i odv\u00e1\u017en\u00ed fotbalist\u00e9 op\u011bt postavili do boje, tentokr\u00e1t v okresn\u00edm kole. I p\u0159es tvrdou konkurenci dok\u00e1zali dr\u017eet krok a obsadili v\u00fdborn\u00e9 druh\u00e9 m\u00edsto. Jejich v\u00fdkon byl pozoruhodn\u00fd nejen d\u00edky taktick\u00e9mu p\u0159\u00edstupu, ale tak\u00e9 d\u00edky kolektivn\u00edmu duchu a obrovsk\u00e9mu nasazen\u00ed.<\/p>\n\n\n\n<p>Z\u00e1kladn\u00ed \u0161kola Vyhl\u00eddka tak nyn\u00ed nese s hrdost\u00ed jm\u00e9no t\u00fdmu, kter\u00fd se ned\u00e1 lehce p\u0159ehl\u00e9dnout. D\u011bkujeme v\u0161em \u017e\u00e1k\u016fm za jejich \u00fasil\u00ed a zap\u00e1len\u00ed do hry. V\u011b\u0159\u00edme, \u017ee tento \u00fasp\u011bch bude jen prvn\u00edm z mnoha dal\u0161\u00edch, kter\u00e9 na\u0161i talentovan\u00ed sportovci dos\u00e1hnou.<\/p>\n\n\n\n<p class=\"has-text-align-right\">Mgr. Jakub \u0160kulav\u00edk<\/p>\n\n\n\n<figure class=\"wp-block-image size-large\"><a href=\"https:\/\/www.zsvyhlidka.cz\/wp-content\/uploads\/2023\/11\/IMG_1954-1-scaled.jpg\"><img loading=\"lazy\" width=\"1024\" height=\"768\" src=\"https:\/\/www.zsvyhlidka.cz\/wp-content\/uploads\/2023\/11\/IMG_1954-1-1024x768.jpg\" alt=\"\" class=\"wp-image-31871\" srcset=\"https:\/\/www.zsvyhlidka.cz\/wp-content\/uploads\/2023\/11\/IMG_1954-1-1024x768.jpg 1024w, https:\/\/www.zsvyhlidka.cz\/wp-content\/uploads\/2023\/11\/IMG_1954-1-300x225.jpg 300w, https:\/\/www.zsvyhlidka.cz\/wp-content\/uploads\/2023\/11\/IMG_1954-1-768x576.jpg 768w, https:\/\/www.zsvyhlidka.cz\/wp-content\/uploads\/2023\/11\/IMG_1954-1-1536x1152.jpg 1536w, https:\/\/www.zsvyhlidka.cz\/wp-content\/uploads\/2023\/11\/IMG_1954-1-2048x1536.jpg 2048w, https:\/\/www.zsvyhlidka.cz\/wp-content\/uploads\/2023\/11\/IMG_1954-1-360x270.jpg 360w\" sizes=\"(max-width: 1024px) 100vw, 1024px\" \/><\/a><\/figure>\n","protected":false},"excerpt":{"rendered":"<p>V\u00fdkony \u0161koln\u00edho fotbalov\u00e9ho t\u00fdmu v halov\u00e9 kopan\u00e9 nez\u016fstaly nepov\u0161imnuty, kdy\u017e se \u017e\u00e1ci 8. a 9. t\u0159\u00edd Z\u00e1kladn\u00ed \u0161koly Vyhl\u00eddka \u00fasp\u011b\u0161n\u011b probojovali a\u017e do okresn\u00edho kola turnaje. V okrskov\u00e9m kole, kter\u00e9 prob\u011bhlo 25. \u0159\u00edjna 2023, p\u0159edvedli na\u0161i mlad\u00ed sportovci skv\u011bl\u00e9 v\u00fdkony <a href=\"https:\/\/www.zsvyhlidka.cz\/?p=31870\" class=\"read-more\">Zobrazit v\u00edce&#8230;<\/a><\/p>\n","protected":false},"author":2,"featured_media":0,"comment_status":"closed","ping_status":"closed","sticky":false,"template":"","format":"standard","meta":[],"categories":[13],"tags":[],"_links":{"self":[{"href":"https:\/\/www.zsvyhlidka.cz\/index.php?rest_route=\/wp\/v2\/posts\/31870"}],"collection":[{"href":"https:\/\/www.zsvyhlidka.cz\/index.php?rest_route=\/wp\/v2\/posts"}],"about":[{"href":"https:\/\/www.zsvyhlidka.cz\/index.php?rest_route=\/wp\/v2\/types\/post"}],"author":[{"embeddable":true,"href":"https:\/\/www.zsvyhlidka.cz\/index.php?rest_route=\/wp\/v2\/users\/2"}],"replies":[{"embeddable":true,"href":"https:\/\/www.zsvyhlidka.cz\/index.php?rest_route=%2Fwp%2Fv2%2Fcomments&post=31870"}],"version-history":[{"count":1,"href":"https:\/\/www.zsvyhlidka.cz\/index.php?rest_route=\/wp\/v2\/posts\/31870\/revisions"}],"predecessor-version":[{"id":31872,"href":"https:\/\/www.zsvyhlidka.cz\/index.php?rest_route=\/wp\/v2\/posts\/31870\/revisions\/31872"}],"wp:attachment":[{"href":"https:\/\/www.zsvyhlidka.cz\/index.php?rest_route=%2Fwp%2Fv2%2Fmedia&parent=31870"}],"wp:term":[{"taxonomy":"category","embeddable":true,"href":"https:\/\/www.zsvyhlidka.cz\/index.php?rest_route=%2Fwp%2Fv2%2Fcategories&post=31870"},{"taxonomy":"post_tag","embeddable":true,"href":"https:\/\/www.zsvyhlidka.cz\/index.php?rest_route=%2Fwp%2Fv2%2Ftags&post=31870"}],"curies":[{"name":"wp","href":"https:\/\/api.w.org\/{rel}","templated":true}]}}