{"id":31893,"date":"2023-11-23T07:39:13","date_gmt":"2023-11-23T06:39:13","guid":{"rendered":"https:\/\/www.zsvyhlidka.cz\/?p=31893"},"modified":"2023-11-23T07:39:15","modified_gmt":"2023-11-23T06:39:15","slug":"prohlaseni-skoly-k-planovane-stavce-27-11-2023","status":"publish","type":"post","link":"https:\/\/www.zsvyhlidka.cz\/?p=31893","title":{"rendered":"PROHL\u00c1\u0160EN\u00cd \u0160KOLY K PL\u00c1NOVAN\u00c9 ST\u00c1VCE 27.11.2023"},"content":{"rendered":"\n<p>Dle informac\u00ed z\u00edskan\u00fdch jedn\u00e1n\u00edm se zam\u011bstnanci bude chod \u0161koly dne 27.11.2023 zaji\u0161t\u011bn bez v\u00fdrazn\u00fdch organiza\u010dn\u00edch zm\u011bn.<\/p>\n\n\n\n<ul><li>V\u00fduka na I. a II. stupni bude dle rozvrhu beze zm\u011bn.<\/li><li>\u0160koln\u00ed dru\u017eina bude vykon\u00e1vat sv\u00e9 slu\u017eby v pln\u00e9m rozsahu.<\/li><li>\u0160KOLN\u00cd J\u00cdDELNA bude \u010d\u00e1ste\u010dn\u011b omezena &#8211; dojde ke zm\u011bn\u011b j\u00eddeln\u00ed\u010dku &#8211; pros\u00edm v p\u0159\u00edpad\u011b nez\u00e1jmu o odhl\u00e1\u0161en\u00ed ob\u011bd\u016f.<\/li><\/ul>\n\n\n\n<p>Vala\u0161sk\u00e9 Mezi\u0159\u00ed\u010d\u00ed 22.11.2023                                                                                          Mgr. Daniela Miklov\u00e1<\/p>\n","protected":false},"excerpt":{"rendered":"<p>Dle informac\u00ed z\u00edskan\u00fdch jedn\u00e1n\u00edm se zam\u011bstnanci bude chod \u0161koly dne 27.11.2023 zaji\u0161t\u011bn bez v\u00fdrazn\u00fdch organiza\u010dn\u00edch zm\u011bn. V\u00fduka na I. a II. stupni bude dle rozvrhu beze zm\u011bn. \u0160koln\u00ed dru\u017eina bude vykon\u00e1vat sv\u00e9 slu\u017eby v pln\u00e9m rozsahu. \u0160KOLN\u00cd J\u00cdDELNA bude \u010d\u00e1ste\u010dn\u011b <a href=\"https:\/\/www.zsvyhlidka.cz\/?p=31893\" class=\"read-more\">Zobrazit v\u00edce&#8230;<\/a><\/p>\n","protected":false},"author":2,"featured_media":0,"comment_status":"closed","ping_status":"closed","sticky":false,"template":"","format":"standard","meta":[],"categories":[13],"tags":[],"_links":{"self":[{"href":"https:\/\/www.zsvyhlidka.cz\/index.php?rest_route=\/wp\/v2\/posts\/31893"}],"collection":[{"href":"https:\/\/www.zsvyhlidka.cz\/index.php?rest_route=\/wp\/v2\/posts"}],"about":[{"href":"https:\/\/www.zsvyhlidka.cz\/index.php?rest_route=\/wp\/v2\/types\/post"}],"author":[{"embeddable":true,"href":"https:\/\/www.zsvyhlidka.cz\/index.php?rest_route=\/wp\/v2\/users\/2"}],"replies":[{"embeddable":true,"href":"https:\/\/www.zsvyhlidka.cz\/index.php?rest_route=%2Fwp%2Fv2%2Fcomments&post=31893"}],"version-history":[{"count":1,"href":"https:\/\/www.zsvyhlidka.cz\/index.php?rest_route=\/wp\/v2\/posts\/31893\/revisions"}],"predecessor-version":[{"id":31894,"href":"https:\/\/www.zsvyhlidka.cz\/index.php?rest_route=\/wp\/v2\/posts\/31893\/revisions\/31894"}],"wp:attachment":[{"href":"https:\/\/www.zsvyhlidka.cz\/index.php?rest_route=%2Fwp%2Fv2%2Fmedia&parent=31893"}],"wp:term":[{"taxonomy":"category","embeddable":true,"href":"https:\/\/www.zsvyhlidka.cz\/index.php?rest_route=%2Fwp%2Fv2%2Fcategories&post=31893"},{"taxonomy":"post_tag","embeddable":true,"href":"https:\/\/www.zsvyhlidka.cz\/index.php?rest_route=%2Fwp%2Fv2%2Ftags&post=31893"}],"curies":[{"name":"wp","href":"https:\/\/api.w.org\/{rel}","templated":true}]}}