{"id":31898,"date":"2023-11-23T07:43:14","date_gmt":"2023-11-23T06:43:14","guid":{"rendered":"https:\/\/www.zsvyhlidka.cz\/?p=31898"},"modified":"2023-11-23T07:43:16","modified_gmt":"2023-11-23T06:43:16","slug":"okresni-kolo-ve-florbalu","status":"publish","type":"post","link":"https:\/\/www.zsvyhlidka.cz\/?p=31898","title":{"rendered":"Okresn\u00ed kolo ve florbalu"},"content":{"rendered":"\n<p>Dne 21. listopadu 2023 se na Z\u0160 \u0160afa\u0159\u00edkova uskute\u010dnilo okresn\u00ed kolo ve florbalu mlad\u0161\u00edch d\u00edvek. Turnaje se z\u00fa\u010dastnily 4 postupuj\u00edc\u00ed dru\u017estva z okrskov\u00fdch kol. Na\u0161e d\u011bv\u010data v\u0161echna utk\u00e1n\u00ed s velkou p\u0159evahou vyhr\u00e1la a v\u00edt\u011bzstv\u00edm si zajistila postup do krajsk\u00e9ho kola, kter\u00e9 se uskute\u010dn\u00ed v Uhersk\u00e9m Brod\u011b.<\/p>\n\n\n\n<p>D\u011bv\u010dat\u016fm blahop\u0159ejeme k dosa\u017een\u00e9mu \u00fasp\u011bchu a budeme jim \u201edr\u017eet palce\u201c v krajsk\u00e9m kole.<\/p>\n\n\n\n<p>Za reprezentaci \u0161koly d\u011bkuji: Ann\u011b Vre\u010dkov\u00e9 z 6.B, Kate\u0159in\u011b \u017didl\u00edkov\u00e9, Nikole Jan\u00edrkov\u00e9, Vanesse Bijov\u00e9 a Veronice Kop\u0159ivov\u00e9 ze 7.B, Kamile Pot\u011b\u0161ilov\u00e9 a Berenice \u0160krabolov\u00e9 z 8.B a Roz\u00e1lii P\u00ed\u0161ov\u00e9.<\/p>\n\n\n\n<p class=\"has-text-align-right\">Mgr. Martina Krut\u00edlkov\u00e1<\/p>\n\n\n\n<figure class=\"wp-container-2 wp-block-gallery-1 wp-block-gallery has-nested-images columns-default is-cropped\">\n<figure class=\"wp-block-image size-large\"><a href=\"https:\/\/www.zsvyhlidka.cz\/wp-content\/uploads\/2023\/11\/IMG_20231121_121331625-scaled.jpg\"><img loading=\"lazy\" width=\"1024\" height=\"576\" data-id=\"31899\"  src=\"https:\/\/www.zsvyhlidka.cz\/wp-content\/uploads\/2023\/11\/IMG_20231121_121331625-1024x576.jpg\" alt=\"\" class=\"wp-image-31899\" srcset=\"https:\/\/www.zsvyhlidka.cz\/wp-content\/uploads\/2023\/11\/IMG_20231121_121331625-1024x576.jpg 1024w, https:\/\/www.zsvyhlidka.cz\/wp-content\/uploads\/2023\/11\/IMG_20231121_121331625-300x169.jpg 300w, https:\/\/www.zsvyhlidka.cz\/wp-content\/uploads\/2023\/11\/IMG_20231121_121331625-768x432.jpg 768w, https:\/\/www.zsvyhlidka.cz\/wp-content\/uploads\/2023\/11\/IMG_20231121_121331625-1536x864.jpg 1536w, https:\/\/www.zsvyhlidka.cz\/wp-content\/uploads\/2023\/11\/IMG_20231121_121331625-2048x1153.jpg 2048w, https:\/\/www.zsvyhlidka.cz\/wp-content\/uploads\/2023\/11\/IMG_20231121_121331625-360x203.jpg 360w\" sizes=\"(max-width: 1024px) 100vw, 1024px\" \/><\/a><\/figure>\n\n\n\n<figure class=\"wp-block-image size-large\"><a href=\"https:\/\/www.zsvyhlidka.cz\/wp-content\/uploads\/2023\/11\/IMG_20231121_121348955-scaled.jpg\"><img loading=\"lazy\" width=\"1024\" height=\"576\" data-id=\"31900\"  src=\"https:\/\/www.zsvyhlidka.cz\/wp-content\/uploads\/2023\/11\/IMG_20231121_121348955-1024x576.jpg\" alt=\"\" class=\"wp-image-31900\" srcset=\"https:\/\/www.zsvyhlidka.cz\/wp-content\/uploads\/2023\/11\/IMG_20231121_121348955-1024x576.jpg 1024w, https:\/\/www.zsvyhlidka.cz\/wp-content\/uploads\/2023\/11\/IMG_20231121_121348955-300x169.jpg 300w, https:\/\/www.zsvyhlidka.cz\/wp-content\/uploads\/2023\/11\/IMG_20231121_121348955-768x432.jpg 768w, https:\/\/www.zsvyhlidka.cz\/wp-content\/uploads\/2023\/11\/IMG_20231121_121348955-1536x864.jpg 1536w, https:\/\/www.zsvyhlidka.cz\/wp-content\/uploads\/2023\/11\/IMG_20231121_121348955-2048x1153.jpg 2048w, https:\/\/www.zsvyhlidka.cz\/wp-content\/uploads\/2023\/11\/IMG_20231121_121348955-360x203.jpg 360w\" sizes=\"(max-width: 1024px) 100vw, 1024px\" \/><\/a><\/figure>\n<\/figure>\n","protected":false},"excerpt":{"rendered":"<p>Dne 21. listopadu 2023 se na Z\u0160 \u0160afa\u0159\u00edkova uskute\u010dnilo okresn\u00ed kolo ve florbalu mlad\u0161\u00edch d\u00edvek. Turnaje se z\u00fa\u010dastnily 4 postupuj\u00edc\u00ed dru\u017estva z okrskov\u00fdch kol. Na\u0161e d\u011bv\u010data v\u0161echna utk\u00e1n\u00ed s velkou p\u0159evahou vyhr\u00e1la a v\u00edt\u011bzstv\u00edm si zajistila postup do krajsk\u00e9ho kola, <a href=\"https:\/\/www.zsvyhlidka.cz\/?p=31898\" class=\"read-more\">Zobrazit v\u00edce&#8230;<\/a><\/p>\n","protected":false},"author":2,"featured_media":0,"comment_status":"closed","ping_status":"closed","sticky":false,"template":"","format":"standard","meta":[],"categories":[13],"tags":[],"_links":{"self":[{"href":"https:\/\/www.zsvyhlidka.cz\/index.php?rest_route=\/wp\/v2\/posts\/31898"}],"collection":[{"href":"https:\/\/www.zsvyhlidka.cz\/index.php?rest_route=\/wp\/v2\/posts"}],"about":[{"href":"https:\/\/www.zsvyhlidka.cz\/index.php?rest_route=\/wp\/v2\/types\/post"}],"author":[{"embeddable":true,"href":"https:\/\/www.zsvyhlidka.cz\/index.php?rest_route=\/wp\/v2\/users\/2"}],"replies":[{"embeddable":true,"href":"https:\/\/www.zsvyhlidka.cz\/index.php?rest_route=%2Fwp%2Fv2%2Fcomments&post=31898"}],"version-history":[{"count":1,"href":"https:\/\/www.zsvyhlidka.cz\/index.php?rest_route=\/wp\/v2\/posts\/31898\/revisions"}],"predecessor-version":[{"id":31901,"href":"https:\/\/www.zsvyhlidka.cz\/index.php?rest_route=\/wp\/v2\/posts\/31898\/revisions\/31901"}],"wp:attachment":[{"href":"https:\/\/www.zsvyhlidka.cz\/index.php?rest_route=%2Fwp%2Fv2%2Fmedia&parent=31898"}],"wp:term":[{"taxonomy":"category","embeddable":true,"href":"https:\/\/www.zsvyhlidka.cz\/index.php?rest_route=%2Fwp%2Fv2%2Fcategories&post=31898"},{"taxonomy":"post_tag","embeddable":true,"href":"https:\/\/www.zsvyhlidka.cz\/index.php?rest_route=%2Fwp%2Fv2%2Ftags&post=31898"}],"curies":[{"name":"wp","href":"https:\/\/api.w.org\/{rel}","templated":true}]}}