{"id":32617,"date":"2024-03-27T17:10:41","date_gmt":"2024-03-27T16:10:41","guid":{"rendered":"https:\/\/www.zsvyhlidka.cz\/?p=32617"},"modified":"2024-03-27T17:13:51","modified_gmt":"2024-03-27T16:13:51","slug":"matematicky-klokan%ef%bf%bc","status":"publish","type":"post","link":"https:\/\/www.zsvyhlidka.cz\/?p=32617","title":{"rendered":"Matematick\u00fd klokan"},"content":{"rendered":"\n<p>V p\u00e1tek 22.3.2024 se v\u0161ichni \u017e\u00e1ci druh\u00fdch a\u017e dev\u00e1t\u00fdch t\u0159\u00edd z\u00fa\u010dastnili sout\u011b\u017ee MATEMATICK\u00dd KLOKAN. Celkem se do sout\u011b\u017ee zapojilo 339 \u017e\u00e1k\u016f ve \u010dty\u0159ech kategori\u00edch.<\/p>\n\n\n\n<p>Mezin\u00e1rodn\u011b koordinovan\u00e1 sout\u011b\u017e <strong>Matematick\u00fd klokan<\/strong> byla vytvo\u0159ena podle obdobn\u00e9 sout\u011b\u017ee, kter\u00e1 byla v osmdes\u00e1t\u00fdch letech minul\u00e9ho stolet\u00ed po\u0159\u00e1d\u00e1na v Austr\u00e1lii. Od roku 1991, kdy se konal prvn\u00ed ro\u010dn\u00edk ve Francii, se roz\u0161\u00ed\u0159ila do zem\u00ed Evropy a postupn\u011b i na dal\u0161\u00ed kontinenty. V roce 2016 se ji\u017e t\u00e9to sout\u011b\u017ee \u00fa\u010dastnilo p\u0159es 6 milion\u016f sout\u011b\u017e\u00edc\u00edch z v\u00edce ne\u017e 60 zem\u00ed cel\u00e9ho sv\u011bta sdru\u017een\u00fdch v asociaci Kangourou sans frontieres, jej\u00ed\u017e koordina\u010dn\u00ed centrum je v Pa\u0159\u00ed\u017ei. V \u010cR se sout\u011b\u017e Matematick\u00fd klokan konala poprv\u00e9 v roce 1995. Po\u0159adatelem Klokana v \u010cR je Jednota \u010desk\u00fdch matematik\u016f a fyzik\u016f ve spolupr\u00e1ci s Katedrou matematiky PdF UP a Katedrou algebry a geometrie P\u0159F UP v Olomouci.<\/p>\n\n\n\n<p>Nej\u00fasp\u011b\u0161n\u011bj\u0161\u00edmi \u0159e\u0161iteli se v jednotliv\u00fdch kategori\u00edch stali:<\/p>\n\n\n\n<p>&#8211; CVR\u010cEK (2. a 3. t\u0159\u00edda): Anast\u00e1zie Bal\u00e1\u017eov\u00e1, Al\u017eb\u011bta Ad\u00e1mkov\u00e1, Apolena Bal\u00e1\u017eov\u00e1<\/p>\n\n\n\n<p>&#8211; KLOK\u00c1NEK (4. a 5. t\u0159\u00edda): T\u00e1\u0148a Vacul\u00edkov\u00e1, Petr Va\u0161ul\u00edn, Mikul\u00e1\u0161 Zela<\/p>\n\n\n\n<p>&#8211; BENJAM\u00cdN (6. a 7. t\u0159\u00edda): \u0160t\u011bp\u00e1n Maky\u010da, Adam B\u00edl\u00edk, Oleksandr Finik<\/p>\n\n\n\n<p>&#8211; KADET (8. a 9. t\u0159\u00edda): Richard Martinek, Ond\u0159ej V\u00e1vra, Martin Kundr\u00e1t<\/p>\n\n\n\n<p>V\u0161em \u017e\u00e1k\u016fm do budoucna p\u0159ejeme mnoho z\u00e1bavy s \u0159e\u0161en\u00edm dal\u0161\u00edch matematick\u00fdch \u00faloh.<\/p>\n","protected":false},"excerpt":{"rendered":"<p>V p\u00e1tek 22.3.2024 se v\u0161ichni \u017e\u00e1ci druh\u00fdch a\u017e dev\u00e1t\u00fdch t\u0159\u00edd z\u00fa\u010dastnili sout\u011b\u017ee MATEMATICK\u00dd KLOKAN. Celkem se do sout\u011b\u017ee zapojilo 339 \u017e\u00e1k\u016f ve \u010dty\u0159ech kategori\u00edch. Mezin\u00e1rodn\u011b koordinovan\u00e1 sout\u011b\u017e Matematick\u00fd klokan byla vytvo\u0159ena podle obdobn\u00e9 sout\u011b\u017ee, kter\u00e1 byla v osmdes\u00e1t\u00fdch letech minul\u00e9ho <a href=\"https:\/\/www.zsvyhlidka.cz\/?p=32617\" class=\"read-more\">Zobrazit v\u00edce&#8230;<\/a><\/p>\n","protected":false},"author":2,"featured_media":0,"comment_status":"closed","ping_status":"closed","sticky":false,"template":"","format":"standard","meta":[],"categories":[64],"tags":[],"_links":{"self":[{"href":"https:\/\/www.zsvyhlidka.cz\/index.php?rest_route=\/wp\/v2\/posts\/32617"}],"collection":[{"href":"https:\/\/www.zsvyhlidka.cz\/index.php?rest_route=\/wp\/v2\/posts"}],"about":[{"href":"https:\/\/www.zsvyhlidka.cz\/index.php?rest_route=\/wp\/v2\/types\/post"}],"author":[{"embeddable":true,"href":"https:\/\/www.zsvyhlidka.cz\/index.php?rest_route=\/wp\/v2\/users\/2"}],"replies":[{"embeddable":true,"href":"https:\/\/www.zsvyhlidka.cz\/index.php?rest_route=%2Fwp%2Fv2%2Fcomments&post=32617"}],"version-history":[{"count":3,"href":"https:\/\/www.zsvyhlidka.cz\/index.php?rest_route=\/wp\/v2\/posts\/32617\/revisions"}],"predecessor-version":[{"id":32620,"href":"https:\/\/www.zsvyhlidka.cz\/index.php?rest_route=\/wp\/v2\/posts\/32617\/revisions\/32620"}],"wp:attachment":[{"href":"https:\/\/www.zsvyhlidka.cz\/index.php?rest_route=%2Fwp%2Fv2%2Fmedia&parent=32617"}],"wp:term":[{"taxonomy":"category","embeddable":true,"href":"https:\/\/www.zsvyhlidka.cz\/index.php?rest_route=%2Fwp%2Fv2%2Fcategories&post=32617"},{"taxonomy":"post_tag","embeddable":true,"href":"https:\/\/www.zsvyhlidka.cz\/index.php?rest_route=%2Fwp%2Fv2%2Ftags&post=32617"}],"curies":[{"name":"wp","href":"https:\/\/api.w.org\/{rel}","templated":true}]}}