{"id":35953,"date":"2025-12-08T05:27:46","date_gmt":"2025-12-08T04:27:46","guid":{"rendered":"https:\/\/www.zsvyhlidka.cz\/?p=35953"},"modified":"2025-12-08T05:27:48","modified_gmt":"2025-12-08T04:27:48","slug":"predvanocni-viden","status":"publish","type":"post","link":"https:\/\/www.zsvyhlidka.cz\/?p=35953","title":{"rendered":"P\u0159edv\u00e1no\u010dn\u00ed V\u00edde\u0148"},"content":{"rendered":"\n<p>Stejn\u011b jako v minul\u00fdch letech jsme i letos vyrazili s \u017e\u00e1ky v p\u0159edv\u00e1no\u010dn\u00edm obdob\u00ed do kr\u00e1sn\u011b vyzdoben\u00e9 V\u00eddn\u011b. V \u00fater\u00fd 2. 12. se na cestu vydalo 54 \u017e\u00e1k\u016f ze 7., 8. a 9. ro\u010dn\u00edku.<\/p>\n\n\n\n<p>Na\u0161i n\u00e1v\u0161t\u011bvu jsme zah\u00e1jili u z\u00e1mku Sch\u00f6nbrunn, n\u011bkdej\u0161\u00edho letn\u00edho s\u00eddla rakousk\u00fdch c\u00edsa\u0159\u016f. \u017d\u00e1ci zde m\u011bli mo\u017enost proj\u00edt se mezi st\u00e1nky v\u00e1no\u010dn\u00edho tr\u017ei\u0161t\u011b, ochutnat r\u016fzn\u00e9 speciality a u\u017e\u00edt si proch\u00e1zku rozlehl\u00fdm z\u00e1meck\u00fdm parkem. B\u011bhem kr\u00e1tk\u00e9ho rozchodu si mnoz\u00ed nakoupili drobn\u00e9 d\u00e1re\u010dky, dobroty a suven\u00fdry, kter\u00e9 jim v\u00fdlet p\u0159ipomenou.<\/p>\n\n\n\n<p>Pot\u00e9 jsme se p\u0159esunuli do sam\u00e9ho srdce V\u00eddn\u011b. Adventn\u00ed atmosf\u00e9ru jsme nas\u00e1vali nejprve u Nov\u00e9 radnice, kde se kon\u00e1 jeden z nejnav\u0161t\u011bvovan\u011bj\u0161\u00edch trh\u016f. N\u00e1sledovala proch\u00e1zka p\u0159es are\u00e1l Hofburgu a historick\u00e9 uli\u010dky a\u017e ke katedr\u00e1le sv. \u0160t\u011bp\u00e1na, u n\u00ed\u017e se nach\u00e1z\u00ed dal\u0161\u00ed tradi\u010dn\u00ed adventn\u00ed trh s dlouhou histori\u00ed sahaj\u00edc\u00ed a\u017e do 13. stolet\u00ed. I zde m\u011bli \u017e\u00e1ci rozchod a s nad\u0161en\u00edm prozkoum\u00e1vali jednotliv\u00e9 st\u00e1nky. Vzduchem se nesla v\u016fn\u011b pun\u010de, \u010dokol\u00e1dy, pern\u00ed\u010dk\u016f a mnoha dal\u0161\u00edch dobrot.<\/p>\n\n\n\n<p>Kdy\u017e se setm\u011blo, m\u011bsto se rozz\u00e1\u0159ilo slavnostn\u00ed v\u00fdzdobou a my jsme se vydali zp\u011bt k autobusu.<br>V\u00fdlet do V\u00eddn\u011b byl pro n\u00e1s p\u0159\u00edjemn\u00fdm zpest\u0159en\u00edm, p\u0159inesl n\u00e1m nov\u00e9 z\u00e1\u017eitky i poznatky a dokonale n\u00e1s naladil na bl\u00ed\u017e\u00edc\u00ed se v\u00e1no\u010dn\u00ed sv\u00e1tky.<\/p>\n\n\n\n<figure class=\"wp-container-2 wp-block-gallery-1 wp-block-gallery has-nested-images columns-default is-cropped\">\n<figure class=\"wp-block-image size-large\"><a href=\"https:\/\/www.zsvyhlidka.cz\/wp-content\/uploads\/2025\/12\/2512_Viden-1-scaled.jpg\"><img loading=\"lazy\" width=\"768\" height=\"1024\" data-id=\"35956\"  src=\"https:\/\/www.zsvyhlidka.cz\/wp-content\/uploads\/2025\/12\/2512_Viden-1-768x1024.jpg\" alt=\"\" class=\"wp-image-35956\" srcset=\"https:\/\/www.zsvyhlidka.cz\/wp-content\/uploads\/2025\/12\/2512_Viden-1-768x1024.jpg 768w, https:\/\/www.zsvyhlidka.cz\/wp-content\/uploads\/2025\/12\/2512_Viden-1-225x300.jpg 225w, https:\/\/www.zsvyhlidka.cz\/wp-content\/uploads\/2025\/12\/2512_Viden-1-1152x1536.jpg 1152w, https:\/\/www.zsvyhlidka.cz\/wp-content\/uploads\/2025\/12\/2512_Viden-1-1536x2048.jpg 1536w, https:\/\/www.zsvyhlidka.cz\/wp-content\/uploads\/2025\/12\/2512_Viden-1-203x270.jpg 203w, https:\/\/www.zsvyhlidka.cz\/wp-content\/uploads\/2025\/12\/2512_Viden-1-scaled.jpg 1920w\" sizes=\"(max-width: 768px) 100vw, 768px\" \/><\/a><\/figure>\n\n\n\n<figure class=\"wp-block-image size-large\"><a href=\"https:\/\/www.zsvyhlidka.cz\/wp-content\/uploads\/2025\/12\/2512_Viden-2-scaled.jpg\"><img loading=\"lazy\" width=\"768\" height=\"1024\" data-id=\"35957\"  src=\"https:\/\/www.zsvyhlidka.cz\/wp-content\/uploads\/2025\/12\/2512_Viden-2-768x1024.jpg\" alt=\"\" class=\"wp-image-35957\" srcset=\"https:\/\/www.zsvyhlidka.cz\/wp-content\/uploads\/2025\/12\/2512_Viden-2-768x1024.jpg 768w, https:\/\/www.zsvyhlidka.cz\/wp-content\/uploads\/2025\/12\/2512_Viden-2-225x300.jpg 225w, https:\/\/www.zsvyhlidka.cz\/wp-content\/uploads\/2025\/12\/2512_Viden-2-1152x1536.jpg 1152w, https:\/\/www.zsvyhlidka.cz\/wp-content\/uploads\/2025\/12\/2512_Viden-2-1536x2048.jpg 1536w, https:\/\/www.zsvyhlidka.cz\/wp-content\/uploads\/2025\/12\/2512_Viden-2-203x270.jpg 203w, https:\/\/www.zsvyhlidka.cz\/wp-content\/uploads\/2025\/12\/2512_Viden-2-scaled.jpg 1920w\" sizes=\"(max-width: 768px) 100vw, 768px\" \/><\/a><\/figure>\n\n\n\n<figure class=\"wp-block-image size-large\"><a href=\"https:\/\/www.zsvyhlidka.cz\/wp-content\/uploads\/2025\/12\/2512_Viden-4-scaled.jpg\"><img loading=\"lazy\" width=\"768\" height=\"1024\" data-id=\"35958\"  src=\"https:\/\/www.zsvyhlidka.cz\/wp-content\/uploads\/2025\/12\/2512_Viden-4-768x1024.jpg\" alt=\"\" class=\"wp-image-35958\" srcset=\"https:\/\/www.zsvyhlidka.cz\/wp-content\/uploads\/2025\/12\/2512_Viden-4-768x1024.jpg 768w, https:\/\/www.zsvyhlidka.cz\/wp-content\/uploads\/2025\/12\/2512_Viden-4-225x300.jpg 225w, https:\/\/www.zsvyhlidka.cz\/wp-content\/uploads\/2025\/12\/2512_Viden-4-1152x1536.jpg 1152w, https:\/\/www.zsvyhlidka.cz\/wp-content\/uploads\/2025\/12\/2512_Viden-4-1536x2048.jpg 1536w, https:\/\/www.zsvyhlidka.cz\/wp-content\/uploads\/2025\/12\/2512_Viden-4-203x270.jpg 203w, https:\/\/www.zsvyhlidka.cz\/wp-content\/uploads\/2025\/12\/2512_Viden-4-scaled.jpg 1920w\" sizes=\"(max-width: 768px) 100vw, 768px\" \/><\/a><\/figure>\n\n\n\n<figure class=\"wp-block-image size-large\"><a href=\"https:\/\/www.zsvyhlidka.cz\/wp-content\/uploads\/2025\/12\/2512_Viden-5-scaled.jpg\"><img loading=\"lazy\" width=\"1024\" height=\"768\" data-id=\"35954\"  src=\"https:\/\/www.zsvyhlidka.cz\/wp-content\/uploads\/2025\/12\/2512_Viden-5-1024x768.jpg\" alt=\"\" class=\"wp-image-35954\" srcset=\"https:\/\/www.zsvyhlidka.cz\/wp-content\/uploads\/2025\/12\/2512_Viden-5-1024x768.jpg 1024w, https:\/\/www.zsvyhlidka.cz\/wp-content\/uploads\/2025\/12\/2512_Viden-5-300x225.jpg 300w, https:\/\/www.zsvyhlidka.cz\/wp-content\/uploads\/2025\/12\/2512_Viden-5-768x576.jpg 768w, https:\/\/www.zsvyhlidka.cz\/wp-content\/uploads\/2025\/12\/2512_Viden-5-1536x1152.jpg 1536w, https:\/\/www.zsvyhlidka.cz\/wp-content\/uploads\/2025\/12\/2512_Viden-5-2048x1536.jpg 2048w, https:\/\/www.zsvyhlidka.cz\/wp-content\/uploads\/2025\/12\/2512_Viden-5-360x270.jpg 360w\" sizes=\"(max-width: 1024px) 100vw, 1024px\" \/><\/a><\/figure>\n\n\n\n<figure class=\"wp-block-image size-large\"><a href=\"https:\/\/www.zsvyhlidka.cz\/wp-content\/uploads\/2025\/12\/2512_Viden-6-scaled.jpg\"><img loading=\"lazy\" width=\"768\" height=\"1024\" data-id=\"35955\"  src=\"https:\/\/www.zsvyhlidka.cz\/wp-content\/uploads\/2025\/12\/2512_Viden-6-768x1024.jpg\" alt=\"\" class=\"wp-image-35955\" srcset=\"https:\/\/www.zsvyhlidka.cz\/wp-content\/uploads\/2025\/12\/2512_Viden-6-768x1024.jpg 768w, https:\/\/www.zsvyhlidka.cz\/wp-content\/uploads\/2025\/12\/2512_Viden-6-225x300.jpg 225w, https:\/\/www.zsvyhlidka.cz\/wp-content\/uploads\/2025\/12\/2512_Viden-6-1152x1536.jpg 1152w, https:\/\/www.zsvyhlidka.cz\/wp-content\/uploads\/2025\/12\/2512_Viden-6-1536x2048.jpg 1536w, https:\/\/www.zsvyhlidka.cz\/wp-content\/uploads\/2025\/12\/2512_Viden-6-203x270.jpg 203w, https:\/\/www.zsvyhlidka.cz\/wp-content\/uploads\/2025\/12\/2512_Viden-6-scaled.jpg 1920w\" sizes=\"(max-width: 768px) 100vw, 768px\" \/><\/a><\/figure>\n\n\n\n<figure class=\"wp-block-image size-large\"><a href=\"https:\/\/www.zsvyhlidka.cz\/wp-content\/uploads\/2025\/12\/2512_Viden-7-scaled.jpg\"><img loading=\"lazy\" width=\"768\" height=\"1024\" data-id=\"35959\"  src=\"https:\/\/www.zsvyhlidka.cz\/wp-content\/uploads\/2025\/12\/2512_Viden-7-768x1024.jpg\" alt=\"\" class=\"wp-image-35959\" srcset=\"https:\/\/www.zsvyhlidka.cz\/wp-content\/uploads\/2025\/12\/2512_Viden-7-768x1024.jpg 768w, https:\/\/www.zsvyhlidka.cz\/wp-content\/uploads\/2025\/12\/2512_Viden-7-225x300.jpg 225w, https:\/\/www.zsvyhlidka.cz\/wp-content\/uploads\/2025\/12\/2512_Viden-7-1152x1536.jpg 1152w, https:\/\/www.zsvyhlidka.cz\/wp-content\/uploads\/2025\/12\/2512_Viden-7-1536x2048.jpg 1536w, https:\/\/www.zsvyhlidka.cz\/wp-content\/uploads\/2025\/12\/2512_Viden-7-203x270.jpg 203w, https:\/\/www.zsvyhlidka.cz\/wp-content\/uploads\/2025\/12\/2512_Viden-7-scaled.jpg 1920w\" sizes=\"(max-width: 768px) 100vw, 768px\" \/><\/a><\/figure>\n\n\n\n<figure class=\"wp-block-image size-large\"><a href=\"https:\/\/www.zsvyhlidka.cz\/wp-content\/uploads\/2025\/12\/2512_Viden-8-scaled.jpg\"><img loading=\"lazy\" width=\"768\" height=\"1024\" data-id=\"35960\"  src=\"https:\/\/www.zsvyhlidka.cz\/wp-content\/uploads\/2025\/12\/2512_Viden-8-768x1024.jpg\" alt=\"\" class=\"wp-image-35960\" srcset=\"https:\/\/www.zsvyhlidka.cz\/wp-content\/uploads\/2025\/12\/2512_Viden-8-768x1024.jpg 768w, https:\/\/www.zsvyhlidka.cz\/wp-content\/uploads\/2025\/12\/2512_Viden-8-225x300.jpg 225w, https:\/\/www.zsvyhlidka.cz\/wp-content\/uploads\/2025\/12\/2512_Viden-8-1152x1536.jpg 1152w, https:\/\/www.zsvyhlidka.cz\/wp-content\/uploads\/2025\/12\/2512_Viden-8-1536x2048.jpg 1536w, https:\/\/www.zsvyhlidka.cz\/wp-content\/uploads\/2025\/12\/2512_Viden-8-203x270.jpg 203w, https:\/\/www.zsvyhlidka.cz\/wp-content\/uploads\/2025\/12\/2512_Viden-8-scaled.jpg 1920w\" sizes=\"(max-width: 768px) 100vw, 768px\" \/><\/a><\/figure>\n\n\n\n<figure class=\"wp-block-image size-large\"><a href=\"https:\/\/www.zsvyhlidka.cz\/wp-content\/uploads\/2025\/12\/2512_Viden-9-scaled.jpg\"><img loading=\"lazy\" width=\"768\" height=\"1024\" data-id=\"35964\"  src=\"https:\/\/www.zsvyhlidka.cz\/wp-content\/uploads\/2025\/12\/2512_Viden-9-768x1024.jpg\" alt=\"\" class=\"wp-image-35964\" srcset=\"https:\/\/www.zsvyhlidka.cz\/wp-content\/uploads\/2025\/12\/2512_Viden-9-768x1024.jpg 768w, https:\/\/www.zsvyhlidka.cz\/wp-content\/uploads\/2025\/12\/2512_Viden-9-225x300.jpg 225w, https:\/\/www.zsvyhlidka.cz\/wp-content\/uploads\/2025\/12\/2512_Viden-9-1152x1536.jpg 1152w, https:\/\/www.zsvyhlidka.cz\/wp-content\/uploads\/2025\/12\/2512_Viden-9-1536x2048.jpg 1536w, https:\/\/www.zsvyhlidka.cz\/wp-content\/uploads\/2025\/12\/2512_Viden-9-203x270.jpg 203w, https:\/\/www.zsvyhlidka.cz\/wp-content\/uploads\/2025\/12\/2512_Viden-9-scaled.jpg 1920w\" sizes=\"(max-width: 768px) 100vw, 768px\" \/><\/a><\/figure>\n\n\n\n<figure class=\"wp-block-image size-large\"><a href=\"https:\/\/www.zsvyhlidka.cz\/wp-content\/uploads\/2025\/12\/2512_Viden-10-scaled.jpg\"><img loading=\"lazy\" width=\"768\" height=\"1024\" data-id=\"35962\"  src=\"https:\/\/www.zsvyhlidka.cz\/wp-content\/uploads\/2025\/12\/2512_Viden-10-768x1024.jpg\" alt=\"\" class=\"wp-image-35962\" srcset=\"https:\/\/www.zsvyhlidka.cz\/wp-content\/uploads\/2025\/12\/2512_Viden-10-768x1024.jpg 768w, https:\/\/www.zsvyhlidka.cz\/wp-content\/uploads\/2025\/12\/2512_Viden-10-225x300.jpg 225w, https:\/\/www.zsvyhlidka.cz\/wp-content\/uploads\/2025\/12\/2512_Viden-10-1152x1536.jpg 1152w, https:\/\/www.zsvyhlidka.cz\/wp-content\/uploads\/2025\/12\/2512_Viden-10-1536x2048.jpg 1536w, https:\/\/www.zsvyhlidka.cz\/wp-content\/uploads\/2025\/12\/2512_Viden-10-203x270.jpg 203w, https:\/\/www.zsvyhlidka.cz\/wp-content\/uploads\/2025\/12\/2512_Viden-10-scaled.jpg 1920w\" sizes=\"(max-width: 768px) 100vw, 768px\" \/><\/a><\/figure>\n\n\n\n<figure class=\"wp-block-image size-large\"><a href=\"https:\/\/www.zsvyhlidka.cz\/wp-content\/uploads\/2025\/12\/2512_Viden-11-scaled.jpg\"><img loading=\"lazy\" width=\"768\" height=\"1024\" data-id=\"35961\"  src=\"https:\/\/www.zsvyhlidka.cz\/wp-content\/uploads\/2025\/12\/2512_Viden-11-768x1024.jpg\" alt=\"\" class=\"wp-image-35961\" srcset=\"https:\/\/www.zsvyhlidka.cz\/wp-content\/uploads\/2025\/12\/2512_Viden-11-768x1024.jpg 768w, https:\/\/www.zsvyhlidka.cz\/wp-content\/uploads\/2025\/12\/2512_Viden-11-225x300.jpg 225w, https:\/\/www.zsvyhlidka.cz\/wp-content\/uploads\/2025\/12\/2512_Viden-11-1152x1536.jpg 1152w, https:\/\/www.zsvyhlidka.cz\/wp-content\/uploads\/2025\/12\/2512_Viden-11-1536x2048.jpg 1536w, https:\/\/www.zsvyhlidka.cz\/wp-content\/uploads\/2025\/12\/2512_Viden-11-203x270.jpg 203w, https:\/\/www.zsvyhlidka.cz\/wp-content\/uploads\/2025\/12\/2512_Viden-11-scaled.jpg 1920w\" sizes=\"(max-width: 768px) 100vw, 768px\" \/><\/a><\/figure>\n\n\n\n<figure class=\"wp-block-image size-large\"><a href=\"https:\/\/www.zsvyhlidka.cz\/wp-content\/uploads\/2025\/12\/2512_Viden-13-scaled.jpg\"><img loading=\"lazy\" width=\"768\" height=\"1024\" data-id=\"35965\"  src=\"https:\/\/www.zsvyhlidka.cz\/wp-content\/uploads\/2025\/12\/2512_Viden-13-768x1024.jpg\" alt=\"\" class=\"wp-image-35965\" srcset=\"https:\/\/www.zsvyhlidka.cz\/wp-content\/uploads\/2025\/12\/2512_Viden-13-768x1024.jpg 768w, https:\/\/www.zsvyhlidka.cz\/wp-content\/uploads\/2025\/12\/2512_Viden-13-225x300.jpg 225w, https:\/\/www.zsvyhlidka.cz\/wp-content\/uploads\/2025\/12\/2512_Viden-13-1152x1536.jpg 1152w, https:\/\/www.zsvyhlidka.cz\/wp-content\/uploads\/2025\/12\/2512_Viden-13-1536x2048.jpg 1536w, https:\/\/www.zsvyhlidka.cz\/wp-content\/uploads\/2025\/12\/2512_Viden-13-203x270.jpg 203w, https:\/\/www.zsvyhlidka.cz\/wp-content\/uploads\/2025\/12\/2512_Viden-13-scaled.jpg 1920w\" sizes=\"(max-width: 768px) 100vw, 768px\" \/><\/a><\/figure>\n<\/figure>\n","protected":false},"excerpt":{"rendered":"<p>Stejn\u011b jako v minul\u00fdch letech jsme i letos vyrazili s \u017e\u00e1ky v p\u0159edv\u00e1no\u010dn\u00edm obdob\u00ed do kr\u00e1sn\u011b vyzdoben\u00e9 V\u00eddn\u011b. V \u00fater\u00fd 2. 12. se na cestu vydalo 54 \u017e\u00e1k\u016f ze 7., 8. a 9. ro\u010dn\u00edku. Na\u0161i n\u00e1v\u0161t\u011bvu jsme zah\u00e1jili u z\u00e1mku <a href=\"https:\/\/www.zsvyhlidka.cz\/?p=35953\" class=\"read-more\">Zobrazit v\u00edce&#8230;<\/a><\/p>\n","protected":false},"author":2,"featured_media":0,"comment_status":"closed","ping_status":"closed","sticky":false,"template":"","format":"standard","meta":[],"categories":[2,15],"tags":[],"_links":{"self":[{"href":"https:\/\/www.zsvyhlidka.cz\/index.php?rest_route=\/wp\/v2\/posts\/35953"}],"collection":[{"href":"https:\/\/www.zsvyhlidka.cz\/index.php?rest_route=\/wp\/v2\/posts"}],"about":[{"href":"https:\/\/www.zsvyhlidka.cz\/index.php?rest_route=\/wp\/v2\/types\/post"}],"author":[{"embeddable":true,"href":"https:\/\/www.zsvyhlidka.cz\/index.php?rest_route=\/wp\/v2\/users\/2"}],"replies":[{"embeddable":true,"href":"https:\/\/www.zsvyhlidka.cz\/index.php?rest_route=%2Fwp%2Fv2%2Fcomments&post=35953"}],"version-history":[{"count":1,"href":"https:\/\/www.zsvyhlidka.cz\/index.php?rest_route=\/wp\/v2\/posts\/35953\/revisions"}],"predecessor-version":[{"id":35966,"href":"https:\/\/www.zsvyhlidka.cz\/index.php?rest_route=\/wp\/v2\/posts\/35953\/revisions\/35966"}],"wp:attachment":[{"href":"https:\/\/www.zsvyhlidka.cz\/index.php?rest_route=%2Fwp%2Fv2%2Fmedia&parent=35953"}],"wp:term":[{"taxonomy":"category","embeddable":true,"href":"https:\/\/www.zsvyhlidka.cz\/index.php?rest_route=%2Fwp%2Fv2%2Fcategories&post=35953"},{"taxonomy":"post_tag","embeddable":true,"href":"https:\/\/www.zsvyhlidka.cz\/index.php?rest_route=%2Fwp%2Fv2%2Ftags&post=35953"}],"curies":[{"name":"wp","href":"https:\/\/api.w.org\/{rel}","templated":true}]}}