{"id":35967,"date":"2025-12-07T05:29:00","date_gmt":"2025-12-07T04:29:00","guid":{"rendered":"https:\/\/www.zsvyhlidka.cz\/?p=35967"},"modified":"2025-12-08T05:39:20","modified_gmt":"2025-12-08T04:39:20","slug":"olympiada-v-ceskem-jazyce-skolni-kolo","status":"publish","type":"post","link":"https:\/\/www.zsvyhlidka.cz\/?p=35967","title":{"rendered":"Olympi\u00e1da v \u010desk\u00e9m jazyce \u2013 \u0161koln\u00ed kolo"},"content":{"rendered":"\n<p>V p\u00e1tek 28. listopadu se na na\u0161\u00ed \u0161kole uskute\u010dnil dal\u0161\u00ed ro\u010dn\u00edk \u0161koln\u00edho kola v na\u0161em mate\u0159sk\u00e9m jazyce. \u017d\u00e1ci osm\u00fdch a dev\u00e1t\u00fdch ro\u010dn\u00edk\u016f se letos s chut\u00ed pustili do pr\u00e1ce s jazykem \u2013 pohr\u00e1li si s v\u00fdznamy slov i cel\u00fdch tvrzen\u00ed a prov\u011b\u0159ili si tak\u00e9 znalost pravopisu slov ciz\u00edho p\u016fvodu.<\/p>\n\n\n\n<p>V liter\u00e1rn\u00ed \u010d\u00e1sti sout\u011b\u017ee se sout\u011b\u017e\u00edc\u00ed zam\u011b\u0159ili na interpretaci \u00faryvku p\u00edsn\u011b Ka\u0161tany od Zde\u0148ka Sv\u011br\u00e1ka, kde prokazovali cit pro text i jeho hlub\u0161\u00ed v\u00fdznamy.<\/p>\n\n\n\n<p>Nem\u00e9n\u011b d\u016fle\u017eit\u00e1 je tak\u00e9 slohov\u00e1 tvorba, kter\u00e1 rozhodla o v\u00edt\u011bzi.<\/p>\n\n\n\n<p>V\u00edt\u011bzem t\u00e9to sout\u011b\u017ee se stal Karel Mal\u00edk ze t\u0159\u00eddy 8.B.<\/p>\n\n\n\n<p>Karel postupuje do okresn\u00edho kola, kter\u00e9 se bude konat v lednu na Gymn\u00e1ziu Franti\u0161ka Palack\u00e9ho ve Vala\u0161sk\u00e9m Mezi\u0159\u00ed\u010d\u00ed.<\/p>\n\n\n\n<p>Jen o dva body m\u00e9n\u011b z\u00edskala Bianka \u0160krabolov\u00e1 ze t\u0159\u00eddy 8.A, kter\u00e1 se st\u00e1v\u00e1 jeho n\u00e1hradnic\u00ed.<\/p>\n\n\n\n<p>V\u0161em \u00fa\u010dastn\u00edk\u016fm d\u011bkujeme za nasazen\u00ed a v\u00fdborn\u00e9 v\u00fdkony!<\/p>\n\n\n\n<p>Mgr. Michaela Zimkov\u00e1<\/p>\n\n\n\n<figure class=\"wp-block-image size-large\"><a href=\"https:\/\/www.zsvyhlidka.cz\/wp-content\/uploads\/2025\/12\/2511_olympiadaCJ-scaled.jpg\"><img loading=\"lazy\" width=\"768\" height=\"1024\" src=\"https:\/\/www.zsvyhlidka.cz\/wp-content\/uploads\/2025\/12\/2511_olympiadaCJ-768x1024.jpg\" alt=\"\" class=\"wp-image-35968\" srcset=\"https:\/\/www.zsvyhlidka.cz\/wp-content\/uploads\/2025\/12\/2511_olympiadaCJ-768x1024.jpg 768w, https:\/\/www.zsvyhlidka.cz\/wp-content\/uploads\/2025\/12\/2511_olympiadaCJ-225x300.jpg 225w, https:\/\/www.zsvyhlidka.cz\/wp-content\/uploads\/2025\/12\/2511_olympiadaCJ-1152x1536.jpg 1152w, https:\/\/www.zsvyhlidka.cz\/wp-content\/uploads\/2025\/12\/2511_olympiadaCJ-1536x2048.jpg 1536w, https:\/\/www.zsvyhlidka.cz\/wp-content\/uploads\/2025\/12\/2511_olympiadaCJ-203x270.jpg 203w, https:\/\/www.zsvyhlidka.cz\/wp-content\/uploads\/2025\/12\/2511_olympiadaCJ-scaled.jpg 1920w\" sizes=\"(max-width: 768px) 100vw, 768px\" \/><\/a><\/figure>\n","protected":false},"excerpt":{"rendered":"<p>V p\u00e1tek 28. listopadu se na na\u0161\u00ed \u0161kole uskute\u010dnil dal\u0161\u00ed ro\u010dn\u00edk \u0161koln\u00edho kola v na\u0161em mate\u0159sk\u00e9m jazyce. \u017d\u00e1ci osm\u00fdch a dev\u00e1t\u00fdch ro\u010dn\u00edk\u016f se letos s chut\u00ed pustili do pr\u00e1ce s jazykem \u2013 pohr\u00e1li si s v\u00fdznamy slov i cel\u00fdch tvrzen\u00ed <a href=\"https:\/\/www.zsvyhlidka.cz\/?p=35967\" class=\"read-more\">Zobrazit v\u00edce&#8230;<\/a><\/p>\n","protected":false},"author":2,"featured_media":0,"comment_status":"closed","ping_status":"closed","sticky":false,"template":"","format":"standard","meta":[],"categories":[2,13],"tags":[],"_links":{"self":[{"href":"https:\/\/www.zsvyhlidka.cz\/index.php?rest_route=\/wp\/v2\/posts\/35967"}],"collection":[{"href":"https:\/\/www.zsvyhlidka.cz\/index.php?rest_route=\/wp\/v2\/posts"}],"about":[{"href":"https:\/\/www.zsvyhlidka.cz\/index.php?rest_route=\/wp\/v2\/types\/post"}],"author":[{"embeddable":true,"href":"https:\/\/www.zsvyhlidka.cz\/index.php?rest_route=\/wp\/v2\/users\/2"}],"replies":[{"embeddable":true,"href":"https:\/\/www.zsvyhlidka.cz\/index.php?rest_route=%2Fwp%2Fv2%2Fcomments&post=35967"}],"version-history":[{"count":2,"href":"https:\/\/www.zsvyhlidka.cz\/index.php?rest_route=\/wp\/v2\/posts\/35967\/revisions"}],"predecessor-version":[{"id":35971,"href":"https:\/\/www.zsvyhlidka.cz\/index.php?rest_route=\/wp\/v2\/posts\/35967\/revisions\/35971"}],"wp:attachment":[{"href":"https:\/\/www.zsvyhlidka.cz\/index.php?rest_route=%2Fwp%2Fv2%2Fmedia&parent=35967"}],"wp:term":[{"taxonomy":"category","embeddable":true,"href":"https:\/\/www.zsvyhlidka.cz\/index.php?rest_route=%2Fwp%2Fv2%2Fcategories&post=35967"},{"taxonomy":"post_tag","embeddable":true,"href":"https:\/\/www.zsvyhlidka.cz\/index.php?rest_route=%2Fwp%2Fv2%2Ftags&post=35967"}],"curies":[{"name":"wp","href":"https:\/\/api.w.org\/{rel}","templated":true}]}}