{"id":36547,"date":"2026-04-26T23:37:00","date_gmt":"2026-04-26T21:37:00","guid":{"rendered":"https:\/\/www.zsvyhlidka.cz\/?p=36547"},"modified":"2026-04-26T23:37:01","modified_gmt":"2026-04-26T21:37:01","slug":"exkurze-do-berlina","status":"publish","type":"post","link":"https:\/\/www.zsvyhlidka.cz\/?p=36547","title":{"rendered":"Exkurze do Berl\u00edna"},"content":{"rendered":"\n<p>Ve dnech 18. \u2013 20. b\u0159ezna se \u017e\u00e1ci 7., 8. a 9. t\u0159\u00edd na\u0161\u00ed z\u00e1kladn\u00ed \u0161koly z\u00fa\u010dastnili exkurze do hlavn\u00edho m\u011bsta N\u011bmecka \u2013 Berl\u00edna. Odjezd prob\u011bhl ve ve\u010dern\u00edch hodin\u00e1ch a noc jsme str\u00e1vili v autobuse. P\u0159esto\u017ee byla cesta dlouh\u00e1, v\u0161ichni se t\u011b\u0161ili na zaj\u00edmav\u00fd program, kter\u00fd n\u00e1s \u010dekal.<\/p>\n\n\n\n<p>Prvn\u00ed den jsme zah\u00e1jili u z\u00e1mku Bellevue, s\u00eddla n\u011bmeck\u00e9ho prezidenta, a u V\u00edt\u011bzn\u00e9ho sloupu. Pak jsme se p\u0159esunuli k pam\u011btn\u00edmu kostelu c\u00edsa\u0159e Vil\u00e9ma, kter\u00fd je v\u00fdznamn\u00fdm symbolem historie a p\u0159ipom\u00ednkou druh\u00e9 sv\u011btov\u00e9 v\u00e1lky. Pot\u00e9 jsme si u\u017eili ruchu velkom\u011bsta na zn\u00e1m\u00e9 t\u0159\u00edd\u011b Kurf\u00fcrstendamm, kde si \u017e\u00e1ci mohli prohl\u00e9dnout obchody a nas\u00e1t atmosf\u00e9ru modern\u00edho Berl\u00edna. N\u00e1sledovala n\u00e1v\u0161t\u011bva Braniborsk\u00e9 br\u00e1ny, jedn\u00e9 z nejzn\u00e1m\u011bj\u0161\u00edch pam\u00e1tek m\u011bsta, kde jsme si ud\u011blali spole\u010dn\u00e9 fotografie. Po kr\u00e1tk\u00e9m rozchodu jsme pokra\u010dovali zn\u00e1mou t\u0159\u00eddou \u201eUnter den Linden\u201c kolem muzejn\u00edho ostrova a\u017e k na\u0161emu ubytov\u00e1n\u00ed bl\u00edzko nejv\u011bt\u0161\u00edho berl\u00ednsk\u00e9ho n\u00e1m\u011bst\u00ed Alexanderplatz.<\/p>\n\n\n\n<p>Pot\u00e9 co jsme se ubytovali, zam\u00ed\u0159ili jsme k televizn\u00ed v\u011b\u017ei na Alexanderplatzu. Velk\u00fdm z\u00e1\u017eitkem byl v\u00fdjezd na vyhl\u00eddku, odkud se n\u00e1m naskytl kr\u00e1sn\u00fd panoramatick\u00fd pohled na cel\u00fd Berl\u00edn. Cel\u00fd den n\u00e1m p\u0159\u00e1lo po\u010das\u00ed a i na vyhl\u00eddce jsme se je\u0161t\u011b mohli t\u011b\u0161it ze zapadaj\u00edc\u00edho slunce.<\/p>\n\n\n\n<p>Druh\u00fd den jsme hned po vydatn\u00e9 sn\u00eddani nav\u0161t\u00edvili Berliner Dom, impozantn\u00ed katedr\u00e1lu s bohatou histori\u00ed a n\u00e1dhernou architekturou. Odtud jsme vyrazili k Checkpoint Charlie, kter\u00fd byl v dob\u011b rozd\u011blen\u00e9ho Berl\u00edna hrani\u010dn\u00edm p\u0159echodem mezi v\u00fdchodem a z\u00e1padem. Krut\u00e9 obdob\u00ed 2. sv\u011btov\u00e9 v\u00e1lky n\u00e1m pak p\u0159ipomn\u011bl pam\u00e1tn\u00edk \u201eTopographie des Terrors\u201c. Na z\u00e1v\u011br exkurze jsme si prohl\u00e9dli budovu Reichstagu, s\u00eddlo n\u011bmeck\u00e9ho parlamentu, kter\u00e1 \u017e\u00e1ky zaujala nejen svou histori\u00ed, ale i modern\u00ed sklen\u011bnou kupol\u00ed.<\/p>\n\n\n\n<p>Cel\u00e1 exkurze byla nejen pou\u010dn\u00e1, ale i pln\u00e1 spole\u010dn\u00fdch z\u00e1\u017eitk\u016f. I kdy\u017e jsme byli ob\u010das unaven\u00ed (hlavn\u011b po t\u00e9 noci v autobuse), v\u0161ichni jsme si v\u00fdlet u\u017eili a budeme na n\u011bj je\u0161t\u011b dlouho vzpom\u00ednat.<\/p>\n\n\n\n<figure class=\"wp-container-2 wp-block-gallery-1 wp-block-gallery has-nested-images columns-default is-cropped\">\n<figure class=\"wp-block-image size-large\"><a href=\"https:\/\/www.zsvyhlidka.cz\/wp-content\/uploads\/2026\/04\/2604_viden1.png\"><img loading=\"lazy\" width=\"807\" height=\"606\" data-id=\"36562\"  src=\"https:\/\/www.zsvyhlidka.cz\/wp-content\/uploads\/2026\/04\/2604_viden1.png\" alt=\"\" class=\"wp-image-36562\" srcset=\"https:\/\/www.zsvyhlidka.cz\/wp-content\/uploads\/2026\/04\/2604_viden1.png 807w, https:\/\/www.zsvyhlidka.cz\/wp-content\/uploads\/2026\/04\/2604_viden1-300x225.png 300w, https:\/\/www.zsvyhlidka.cz\/wp-content\/uploads\/2026\/04\/2604_viden1-768x577.png 768w, https:\/\/www.zsvyhlidka.cz\/wp-content\/uploads\/2026\/04\/2604_viden1-360x270.png 360w\" sizes=\"(max-width: 807px) 100vw, 807px\" \/><\/a><\/figure>\n\n\n\n<figure class=\"wp-block-image size-large\"><a href=\"https:\/\/www.zsvyhlidka.cz\/wp-content\/uploads\/2026\/04\/2604_viden2-1.jpg\"><img loading=\"lazy\" width=\"768\" height=\"1024\" data-id=\"36561\"  src=\"https:\/\/www.zsvyhlidka.cz\/wp-content\/uploads\/2026\/04\/2604_viden2-1-768x1024.jpg\" alt=\"\" class=\"wp-image-36561\" srcset=\"https:\/\/www.zsvyhlidka.cz\/wp-content\/uploads\/2026\/04\/2604_viden2-1-768x1024.jpg 768w, https:\/\/www.zsvyhlidka.cz\/wp-content\/uploads\/2026\/04\/2604_viden2-1-225x300.jpg 225w, https:\/\/www.zsvyhlidka.cz\/wp-content\/uploads\/2026\/04\/2604_viden2-1-1152x1536.jpg 1152w, https:\/\/www.zsvyhlidka.cz\/wp-content\/uploads\/2026\/04\/2604_viden2-1-203x270.jpg 203w, https:\/\/www.zsvyhlidka.cz\/wp-content\/uploads\/2026\/04\/2604_viden2-1.jpg 1530w\" sizes=\"(max-width: 768px) 100vw, 768px\" \/><\/a><\/figure>\n\n\n\n<figure class=\"wp-block-image size-large\"><a href=\"https:\/\/www.zsvyhlidka.cz\/wp-content\/uploads\/2026\/04\/2604_viden4.png\"><img loading=\"lazy\" width=\"762\" height=\"1019\" data-id=\"36563\"  src=\"https:\/\/www.zsvyhlidka.cz\/wp-content\/uploads\/2026\/04\/2604_viden4.png\" alt=\"\" class=\"wp-image-36563\" srcset=\"https:\/\/www.zsvyhlidka.cz\/wp-content\/uploads\/2026\/04\/2604_viden4.png 762w, https:\/\/www.zsvyhlidka.cz\/wp-content\/uploads\/2026\/04\/2604_viden4-224x300.png 224w, https:\/\/www.zsvyhlidka.cz\/wp-content\/uploads\/2026\/04\/2604_viden4-202x270.png 202w\" sizes=\"(max-width: 762px) 100vw, 762px\" \/><\/a><\/figure>\n<\/figure>\n","protected":false},"excerpt":{"rendered":"<p>Ve dnech 18. \u2013 20. b\u0159ezna se \u017e\u00e1ci 7., 8. a 9. t\u0159\u00edd na\u0161\u00ed z\u00e1kladn\u00ed \u0161koly z\u00fa\u010dastnili exkurze do hlavn\u00edho m\u011bsta N\u011bmecka \u2013 Berl\u00edna. Odjezd prob\u011bhl ve ve\u010dern\u00edch hodin\u00e1ch a noc jsme str\u00e1vili v autobuse. P\u0159esto\u017ee byla cesta dlouh\u00e1, v\u0161ichni <a href=\"https:\/\/www.zsvyhlidka.cz\/?p=36547\" class=\"read-more\">Zobrazit v\u00edce&#8230;<\/a><\/p>\n","protected":false},"author":2,"featured_media":0,"comment_status":"closed","ping_status":"closed","sticky":false,"template":"","format":"standard","meta":[],"categories":[2,7],"tags":[],"_links":{"self":[{"href":"https:\/\/www.zsvyhlidka.cz\/index.php?rest_route=\/wp\/v2\/posts\/36547"}],"collection":[{"href":"https:\/\/www.zsvyhlidka.cz\/index.php?rest_route=\/wp\/v2\/posts"}],"about":[{"href":"https:\/\/www.zsvyhlidka.cz\/index.php?rest_route=\/wp\/v2\/types\/post"}],"author":[{"embeddable":true,"href":"https:\/\/www.zsvyhlidka.cz\/index.php?rest_route=\/wp\/v2\/users\/2"}],"replies":[{"embeddable":true,"href":"https:\/\/www.zsvyhlidka.cz\/index.php?rest_route=%2Fwp%2Fv2%2Fcomments&post=36547"}],"version-history":[{"count":1,"href":"https:\/\/www.zsvyhlidka.cz\/index.php?rest_route=\/wp\/v2\/posts\/36547\/revisions"}],"predecessor-version":[{"id":36564,"href":"https:\/\/www.zsvyhlidka.cz\/index.php?rest_route=\/wp\/v2\/posts\/36547\/revisions\/36564"}],"wp:attachment":[{"href":"https:\/\/www.zsvyhlidka.cz\/index.php?rest_route=%2Fwp%2Fv2%2Fmedia&parent=36547"}],"wp:term":[{"taxonomy":"category","embeddable":true,"href":"https:\/\/www.zsvyhlidka.cz\/index.php?rest_route=%2Fwp%2Fv2%2Fcategories&post=36547"},{"taxonomy":"post_tag","embeddable":true,"href":"https:\/\/www.zsvyhlidka.cz\/index.php?rest_route=%2Fwp%2Fv2%2Ftags&post=36547"}],"curies":[{"name":"wp","href":"https:\/\/api.w.org\/{rel}","templated":true}]}}