{"id":36572,"date":"2026-04-27T00:12:35","date_gmt":"2026-04-26T22:12:35","guid":{"rendered":"https:\/\/www.zsvyhlidka.cz\/?p=36572"},"modified":"2026-04-27T00:12:37","modified_gmt":"2026-04-26T22:12:37","slug":"stribrny-filip-stanek","status":"publish","type":"post","link":"https:\/\/www.zsvyhlidka.cz\/?p=36572","title":{"rendered":"St\u0159\u00edbrn\u00fd Filip Stan\u011bk"},"content":{"rendered":"\n<p>Ve st\u0159edu 22. 4. 2026 se v\u00a0ZU\u0160 Uhersk\u00fd Brod konalo krajsk\u00e9 kolo sout\u011b\u017ee v\u00a0um\u011bleck\u00e9m p\u0159ednesu D\u011btsk\u00e1 sc\u00e9na 2026.<\/p>\n\n\n\n<p>Velkou radost n\u00e1m ud\u011blal <strong>Filip Stan\u011bk<\/strong> ze t\u0159\u00eddy 6. A., kter\u00fd reprezentoval nejen na\u0161i \u0161kolu, ale z\u00e1rove\u0148 cel\u00fd okres Vset\u00edn. V\u00a0siln\u00e9 konkurenci recit\u00e1tor\u016f obsadil <strong>2. m\u00edsto<\/strong> a z\u00edskal ocen\u011bn\u00ed <strong>St\u0159\u00edbrn\u00fd diplom. <\/strong>Odborn\u00e1 porota vyzdvihla Filipovu p\u0159irozenost, bezprost\u0159ednost a schopnost nav\u00e1zat kontakt s\u00a0publikem.<\/p>\n\n\n\n<p>Filipovi Moc blahop\u0159ejeme k vynikaj\u00edc\u00edmu v\u00fdsledku a p\u0159ejeme, a\u0165 je pro n\u011bj p\u0159\u00ed\u0161t\u00ed rok stejn\u011b \u00fasp\u011b\u0161n\u00fd jako ten leto\u0161n\u00ed.\u00a0\u00a0\u00a0\u00a0\u00a0\u00a0\u00a0\u00a0\u00a0\u00a0\u00a0\u00a0\u00a0\u00a0\u00a0\u00a0\u00a0\u00a0\u00a0\u00a0\u00a0\u00a0\u00a0\u00a0\u00a0\u00a0\u00a0\u00a0\u00a0\u00a0\u00a0\u00a0\u00a0\u00a0\u00a0\u00a0\u00a0\u00a0\u00a0\u00a0\u00a0\u00a0\u00a0\u00a0\u00a0 \u00a0\u00a0\u00a0\u00a0\u00a0\u00a0\u00a0\u00a0\u00a0\u00a0\u00a0\u00a0\u00a0\u00a0\u00a0\u00a0\u00a0\u00a0\u00a0\u00a0\u00a0\u00a0\u00a0\u00a0\u00a0\u00a0\u00a0\u00a0\u00a0\u00a0\u00a0\u00a0\u00a0\u00a0<\/p>\n\n\n\n<p>Jana Va\u0161kov\u00e1<\/p>\n\n\n\n<figure class=\"wp-container-2 wp-block-gallery-1 wp-block-gallery has-nested-images columns-default is-cropped\">\n<figure class=\"wp-block-image size-large\"><a href=\"https:\/\/www.zsvyhlidka.cz\/wp-content\/uploads\/2026\/04\/2604_filip_recitace.jpg\"><img loading=\"lazy\" width=\"576\" height=\"1024\" data-id=\"36573\"  src=\"https:\/\/www.zsvyhlidka.cz\/wp-content\/uploads\/2026\/04\/2604_filip_recitace-576x1024.jpg\" alt=\"\" class=\"wp-image-36573\" srcset=\"https:\/\/www.zsvyhlidka.cz\/wp-content\/uploads\/2026\/04\/2604_filip_recitace-576x1024.jpg 576w, https:\/\/www.zsvyhlidka.cz\/wp-content\/uploads\/2026\/04\/2604_filip_recitace-169x300.jpg 169w, https:\/\/www.zsvyhlidka.cz\/wp-content\/uploads\/2026\/04\/2604_filip_recitace-768x1365.jpg 768w, https:\/\/www.zsvyhlidka.cz\/wp-content\/uploads\/2026\/04\/2604_filip_recitace-864x1536.jpg 864w, https:\/\/www.zsvyhlidka.cz\/wp-content\/uploads\/2026\/04\/2604_filip_recitace-152x270.jpg 152w, https:\/\/www.zsvyhlidka.cz\/wp-content\/uploads\/2026\/04\/2604_filip_recitace.jpg 941w\" sizes=\"(max-width: 576px) 100vw, 576px\" \/><\/a><\/figure>\n<\/figure>\n","protected":false},"excerpt":{"rendered":"<p>Ve st\u0159edu 22. 4. 2026 se v\u00a0ZU\u0160 Uhersk\u00fd Brod konalo krajsk\u00e9 kolo sout\u011b\u017ee v\u00a0um\u011bleck\u00e9m p\u0159ednesu D\u011btsk\u00e1 sc\u00e9na 2026. Velkou radost n\u00e1m ud\u011blal Filip Stan\u011bk ze t\u0159\u00eddy 6. A., kter\u00fd reprezentoval nejen na\u0161i \u0161kolu, ale z\u00e1rove\u0148 cel\u00fd okres Vset\u00edn. V\u00a0siln\u00e9 konkurenci <a href=\"https:\/\/www.zsvyhlidka.cz\/?p=36572\" class=\"read-more\">Zobrazit v\u00edce&#8230;<\/a><\/p>\n","protected":false},"author":2,"featured_media":0,"comment_status":"closed","ping_status":"closed","sticky":false,"template":"","format":"standard","meta":[],"categories":[2,7],"tags":[],"_links":{"self":[{"href":"https:\/\/www.zsvyhlidka.cz\/index.php?rest_route=\/wp\/v2\/posts\/36572"}],"collection":[{"href":"https:\/\/www.zsvyhlidka.cz\/index.php?rest_route=\/wp\/v2\/posts"}],"about":[{"href":"https:\/\/www.zsvyhlidka.cz\/index.php?rest_route=\/wp\/v2\/types\/post"}],"author":[{"embeddable":true,"href":"https:\/\/www.zsvyhlidka.cz\/index.php?rest_route=\/wp\/v2\/users\/2"}],"replies":[{"embeddable":true,"href":"https:\/\/www.zsvyhlidka.cz\/index.php?rest_route=%2Fwp%2Fv2%2Fcomments&post=36572"}],"version-history":[{"count":1,"href":"https:\/\/www.zsvyhlidka.cz\/index.php?rest_route=\/wp\/v2\/posts\/36572\/revisions"}],"predecessor-version":[{"id":36574,"href":"https:\/\/www.zsvyhlidka.cz\/index.php?rest_route=\/wp\/v2\/posts\/36572\/revisions\/36574"}],"wp:attachment":[{"href":"https:\/\/www.zsvyhlidka.cz\/index.php?rest_route=%2Fwp%2Fv2%2Fmedia&parent=36572"}],"wp:term":[{"taxonomy":"category","embeddable":true,"href":"https:\/\/www.zsvyhlidka.cz\/index.php?rest_route=%2Fwp%2Fv2%2Fcategories&post=36572"},{"taxonomy":"post_tag","embeddable":true,"href":"https:\/\/www.zsvyhlidka.cz\/index.php?rest_route=%2Fwp%2Fv2%2Ftags&post=36572"}],"curies":[{"name":"wp","href":"https:\/\/api.w.org\/{rel}","templated":true}]}}