{"id":36697,"date":"2026-04-30T22:33:44","date_gmt":"2026-04-30T20:33:44","guid":{"rendered":"https:\/\/www.zsvyhlidka.cz\/?p=36697"},"modified":"2026-04-30T22:33:46","modified_gmt":"2026-04-30T20:33:46","slug":"zakovsky-parlament-detske-slyseni","status":"publish","type":"post","link":"https:\/\/www.zsvyhlidka.cz\/?p=36697","title":{"rendered":"\u017d\u00c1KOVSK\u00dd PARLAMENT \u2013 D\u011aTSK\u00c9 SLY\u0160EN\u00cd"},"content":{"rendered":"\n<p>V pond\u011bl\u00ed 27. dubna 2026 se \u010dlenov\u00e9 \u017e\u00e1kovsk\u00fdch parlament\u016f ze v\u0161ech z\u00e1kladn\u00edch \u0161kol na\u0161eho m\u011bsta z\u00fa\u010dastnili D\u011btsk\u00e9ho sly\u0161en\u00ed, kter\u00e9 se konalo v SV\u010c Dome\u010dek. Akce prob\u011bhla za \u00fa\u010dasti veden\u00ed m\u011bsta \u2013 p\u0159\u00edtomen byl starosta, m\u00edstostarostov\u00e9 i dal\u0161\u00ed z\u00e1stupci radnice, kte\u0159\u00ed byli p\u0159ipraveni odpov\u00eddat na ot\u00e1zky mlad\u00fdch \u00fa\u010dastn\u00edk\u016f. Program byl zah\u00e1jen zaj\u00edmavou \u00favodn\u00ed p\u0159edn\u00e1\u0161kou na t\u00e9ma mise Artemis II, kterou si pro \u017e\u00e1ky p\u0159ipravili odborn\u00edci z Hv\u011bzd\u00e1rny Vala\u0161sk\u00e9 Mezi\u0159\u00ed\u010d\u00ed. P\u0159edn\u00e1\u0161ka zaujala poslucha\u010de a vytvo\u0159ila inspirativn\u00ed \u00favod do cel\u00e9 akce. Po jej\u00edm skon\u010den\u00ed n\u00e1sledovala hlavn\u00ed \u010d\u00e1st programu \u2013 otev\u0159en\u00e1 diskuze s veden\u00edm m\u011bsta. \u017d\u00e1ci m\u011bli mo\u017enost pokl\u00e1dat ot\u00e1zky na r\u016fzn\u00e1 t\u00e9mata, kter\u00e1 se bezprost\u0159edn\u011b dot\u00fdkaj\u00ed \u017eivota ve m\u011bst\u011b. Zaj\u00edmali se nap\u0159\u00edklad o archeologick\u00fd pr\u016fzkum v Kr\u00e1sn\u011b nad Be\u010dvou, pl\u00e1novan\u00e9 budov\u00e1n\u00ed cyklostezek a chodn\u00edk\u016f nebo o opravu n\u00e1dvo\u0159\u00ed jejich \u0161koly. Dal\u0161\u00ed dotazy sm\u011b\u0159ovaly k parkovac\u00edmu syst\u00e9mu, \u00faklidu ve m\u011bst\u011b a nedostate\u010dn\u00e9mu mno\u017estv\u00ed odpadkov\u00fdch ko\u0161\u016f. \u017d\u00e1ci tak\u00e9 vznesli p\u0159ipom\u00ednky t\u00fdkaj\u00edc\u00ed se m\u011bstsk\u00e9 hromadn\u00e9 dopravy a po\u017e\u00e1dali o zv\u00e1\u017een\u00ed vybudov\u00e1n\u00ed gymnastick\u00e9ho s\u00e1lu. Nechyb\u011bly ani podn\u011bty ke zlep\u0161en\u00ed ve\u0159ejn\u00fdch prostor \u2013 nap\u0159\u00edklad \u00fapravy ps\u00edho h\u0159i\u0161t\u011b \u010di d\u011btsk\u00e9ho h\u0159i\u0161t\u011b. Cel\u00e9 setk\u00e1n\u00ed prob\u00edhalo v p\u0159\u00edjemn\u00e9 a otev\u0159en\u00e9 atmosf\u00e9\u0159e. \u017d\u00e1ci m\u011bli jedine\u010dnou p\u0159\u00edle\u017eitost vyj\u00e1d\u0159it sv\u00e9 n\u00e1zory a aktivn\u011b se zapojit do diskuse o rozvoji m\u011bsta, ve kter\u00e9m \u017eij\u00ed. D\u011btsk\u00e9 sly\u0161en\u00ed tak op\u011bt uk\u00e1zalo, \u017ee i mlad\u00e1 generace m\u00e1 co \u0159\u00edct k d\u016fle\u017eit\u00fdm t\u00e9mat\u016fm a \u017ee jej\u00ed hlas m\u00e1 sv\u00e9 m\u00edsto ve ve\u0159ejn\u00e9m d\u011bn\u00ed.<\/p>\n\n\n\n<figure class=\"wp-container-2 wp-block-gallery-1 wp-block-gallery has-nested-images columns-default is-cropped\">\n<figure class=\"wp-block-image size-large\"><a href=\"https:\/\/www.zsvyhlidka.cz\/wp-content\/uploads\/2026\/04\/2604_DetskeSlyseni-1-scaled.jpeg\"><img loading=\"lazy\" width=\"1024\" height=\"768\" data-id=\"36698\"  src=\"https:\/\/www.zsvyhlidka.cz\/wp-content\/uploads\/2026\/04\/2604_DetskeSlyseni-1-1024x768.jpeg\" alt=\"\" class=\"wp-image-36698\" srcset=\"https:\/\/www.zsvyhlidka.cz\/wp-content\/uploads\/2026\/04\/2604_DetskeSlyseni-1-1024x768.jpeg 1024w, https:\/\/www.zsvyhlidka.cz\/wp-content\/uploads\/2026\/04\/2604_DetskeSlyseni-1-300x225.jpeg 300w, https:\/\/www.zsvyhlidka.cz\/wp-content\/uploads\/2026\/04\/2604_DetskeSlyseni-1-768x576.jpeg 768w, https:\/\/www.zsvyhlidka.cz\/wp-content\/uploads\/2026\/04\/2604_DetskeSlyseni-1-1536x1152.jpeg 1536w, https:\/\/www.zsvyhlidka.cz\/wp-content\/uploads\/2026\/04\/2604_DetskeSlyseni-1-2048x1536.jpeg 2048w, https:\/\/www.zsvyhlidka.cz\/wp-content\/uploads\/2026\/04\/2604_DetskeSlyseni-1-360x270.jpeg 360w\" sizes=\"(max-width: 1024px) 100vw, 1024px\" \/><\/a><\/figure>\n\n\n\n<figure class=\"wp-block-image size-large\"><a href=\"https:\/\/www.zsvyhlidka.cz\/wp-content\/uploads\/2026\/04\/2604_DetskeSlyseni-3-scaled.jpeg\"><img loading=\"lazy\" width=\"1024\" height=\"768\" data-id=\"36699\"  src=\"https:\/\/www.zsvyhlidka.cz\/wp-content\/uploads\/2026\/04\/2604_DetskeSlyseni-3-1024x768.jpeg\" alt=\"\" class=\"wp-image-36699\" srcset=\"https:\/\/www.zsvyhlidka.cz\/wp-content\/uploads\/2026\/04\/2604_DetskeSlyseni-3-1024x768.jpeg 1024w, https:\/\/www.zsvyhlidka.cz\/wp-content\/uploads\/2026\/04\/2604_DetskeSlyseni-3-300x225.jpeg 300w, https:\/\/www.zsvyhlidka.cz\/wp-content\/uploads\/2026\/04\/2604_DetskeSlyseni-3-768x576.jpeg 768w, https:\/\/www.zsvyhlidka.cz\/wp-content\/uploads\/2026\/04\/2604_DetskeSlyseni-3-1536x1152.jpeg 1536w, https:\/\/www.zsvyhlidka.cz\/wp-content\/uploads\/2026\/04\/2604_DetskeSlyseni-3-2048x1536.jpeg 2048w, https:\/\/www.zsvyhlidka.cz\/wp-content\/uploads\/2026\/04\/2604_DetskeSlyseni-3-360x270.jpeg 360w\" sizes=\"(max-width: 1024px) 100vw, 1024px\" \/><\/a><\/figure>\n\n\n\n<figure class=\"wp-block-image size-large\"><a href=\"https:\/\/www.zsvyhlidka.cz\/wp-content\/uploads\/2026\/04\/2604_DetskeSlyseni-4-scaled.jpeg\"><img loading=\"lazy\" width=\"1024\" height=\"768\" data-id=\"36700\"  src=\"https:\/\/www.zsvyhlidka.cz\/wp-content\/uploads\/2026\/04\/2604_DetskeSlyseni-4-1024x768.jpeg\" alt=\"\" class=\"wp-image-36700\" srcset=\"https:\/\/www.zsvyhlidka.cz\/wp-content\/uploads\/2026\/04\/2604_DetskeSlyseni-4-1024x768.jpeg 1024w, https:\/\/www.zsvyhlidka.cz\/wp-content\/uploads\/2026\/04\/2604_DetskeSlyseni-4-300x225.jpeg 300w, https:\/\/www.zsvyhlidka.cz\/wp-content\/uploads\/2026\/04\/2604_DetskeSlyseni-4-768x576.jpeg 768w, https:\/\/www.zsvyhlidka.cz\/wp-content\/uploads\/2026\/04\/2604_DetskeSlyseni-4-1536x1152.jpeg 1536w, https:\/\/www.zsvyhlidka.cz\/wp-content\/uploads\/2026\/04\/2604_DetskeSlyseni-4-2048x1536.jpeg 2048w, https:\/\/www.zsvyhlidka.cz\/wp-content\/uploads\/2026\/04\/2604_DetskeSlyseni-4-360x270.jpeg 360w\" sizes=\"(max-width: 1024px) 100vw, 1024px\" \/><\/a><\/figure>\n\n\n\n<figure class=\"wp-block-image size-large\"><a href=\"https:\/\/www.zsvyhlidka.cz\/wp-content\/uploads\/2026\/04\/2604_DetskeSlyseni-5-scaled.jpeg\"><img loading=\"lazy\" width=\"1024\" height=\"768\" data-id=\"36701\"  src=\"https:\/\/www.zsvyhlidka.cz\/wp-content\/uploads\/2026\/04\/2604_DetskeSlyseni-5-1024x768.jpeg\" alt=\"\" class=\"wp-image-36701\" srcset=\"https:\/\/www.zsvyhlidka.cz\/wp-content\/uploads\/2026\/04\/2604_DetskeSlyseni-5-1024x768.jpeg 1024w, https:\/\/www.zsvyhlidka.cz\/wp-content\/uploads\/2026\/04\/2604_DetskeSlyseni-5-300x225.jpeg 300w, https:\/\/www.zsvyhlidka.cz\/wp-content\/uploads\/2026\/04\/2604_DetskeSlyseni-5-768x576.jpeg 768w, https:\/\/www.zsvyhlidka.cz\/wp-content\/uploads\/2026\/04\/2604_DetskeSlyseni-5-1536x1152.jpeg 1536w, https:\/\/www.zsvyhlidka.cz\/wp-content\/uploads\/2026\/04\/2604_DetskeSlyseni-5-2048x1536.jpeg 2048w, https:\/\/www.zsvyhlidka.cz\/wp-content\/uploads\/2026\/04\/2604_DetskeSlyseni-5-360x270.jpeg 360w\" sizes=\"(max-width: 1024px) 100vw, 1024px\" \/><\/a><\/figure>\n\n\n\n<figure class=\"wp-block-image size-large\"><a href=\"https:\/\/www.zsvyhlidka.cz\/wp-content\/uploads\/2026\/04\/2604_DetskeSlyseni-6-scaled.jpeg\"><img loading=\"lazy\" width=\"1024\" height=\"768\" data-id=\"36702\"  src=\"https:\/\/www.zsvyhlidka.cz\/wp-content\/uploads\/2026\/04\/2604_DetskeSlyseni-6-1024x768.jpeg\" alt=\"\" class=\"wp-image-36702\" srcset=\"https:\/\/www.zsvyhlidka.cz\/wp-content\/uploads\/2026\/04\/2604_DetskeSlyseni-6-1024x768.jpeg 1024w, https:\/\/www.zsvyhlidka.cz\/wp-content\/uploads\/2026\/04\/2604_DetskeSlyseni-6-300x225.jpeg 300w, https:\/\/www.zsvyhlidka.cz\/wp-content\/uploads\/2026\/04\/2604_DetskeSlyseni-6-768x576.jpeg 768w, https:\/\/www.zsvyhlidka.cz\/wp-content\/uploads\/2026\/04\/2604_DetskeSlyseni-6-1536x1152.jpeg 1536w, https:\/\/www.zsvyhlidka.cz\/wp-content\/uploads\/2026\/04\/2604_DetskeSlyseni-6-2048x1536.jpeg 2048w, https:\/\/www.zsvyhlidka.cz\/wp-content\/uploads\/2026\/04\/2604_DetskeSlyseni-6-360x270.jpeg 360w\" sizes=\"(max-width: 1024px) 100vw, 1024px\" \/><\/a><\/figure>\n<\/figure>\n","protected":false},"excerpt":{"rendered":"<p>V pond\u011bl\u00ed 27. dubna 2026 se \u010dlenov\u00e9 \u017e\u00e1kovsk\u00fdch parlament\u016f ze v\u0161ech z\u00e1kladn\u00edch \u0161kol na\u0161eho m\u011bsta z\u00fa\u010dastnili D\u011btsk\u00e9ho sly\u0161en\u00ed, kter\u00e9 se konalo v SV\u010c Dome\u010dek. Akce prob\u011bhla za \u00fa\u010dasti veden\u00ed m\u011bsta \u2013 p\u0159\u00edtomen byl starosta, m\u00edstostarostov\u00e9 i dal\u0161\u00ed z\u00e1stupci radnice, kte\u0159\u00ed <a href=\"https:\/\/www.zsvyhlidka.cz\/?p=36697\" class=\"read-more\">Zobrazit v\u00edce&#8230;<\/a><\/p>\n","protected":false},"author":2,"featured_media":0,"comment_status":"closed","ping_status":"closed","sticky":false,"template":"","format":"standard","meta":[],"categories":[2,7],"tags":[],"_links":{"self":[{"href":"https:\/\/www.zsvyhlidka.cz\/index.php?rest_route=\/wp\/v2\/posts\/36697"}],"collection":[{"href":"https:\/\/www.zsvyhlidka.cz\/index.php?rest_route=\/wp\/v2\/posts"}],"about":[{"href":"https:\/\/www.zsvyhlidka.cz\/index.php?rest_route=\/wp\/v2\/types\/post"}],"author":[{"embeddable":true,"href":"https:\/\/www.zsvyhlidka.cz\/index.php?rest_route=\/wp\/v2\/users\/2"}],"replies":[{"embeddable":true,"href":"https:\/\/www.zsvyhlidka.cz\/index.php?rest_route=%2Fwp%2Fv2%2Fcomments&post=36697"}],"version-history":[{"count":1,"href":"https:\/\/www.zsvyhlidka.cz\/index.php?rest_route=\/wp\/v2\/posts\/36697\/revisions"}],"predecessor-version":[{"id":36703,"href":"https:\/\/www.zsvyhlidka.cz\/index.php?rest_route=\/wp\/v2\/posts\/36697\/revisions\/36703"}],"wp:attachment":[{"href":"https:\/\/www.zsvyhlidka.cz\/index.php?rest_route=%2Fwp%2Fv2%2Fmedia&parent=36697"}],"wp:term":[{"taxonomy":"category","embeddable":true,"href":"https:\/\/www.zsvyhlidka.cz\/index.php?rest_route=%2Fwp%2Fv2%2Fcategories&post=36697"},{"taxonomy":"post_tag","embeddable":true,"href":"https:\/\/www.zsvyhlidka.cz\/index.php?rest_route=%2Fwp%2Fv2%2Ftags&post=36697"}],"curies":[{"name":"wp","href":"https:\/\/api.w.org\/{rel}","templated":true}]}}