{"id":37209,"date":"2026-09-01T14:58:57","date_gmt":"2026-09-01T12:58:57","guid":{"rendered":"https:\/\/www.zsvyhlidka.cz\/?p=37209"},"modified":"2026-09-01T14:58:58","modified_gmt":"2026-09-01T12:58:58","slug":"zahajeni-noveho-skolniho-roku","status":"publish","type":"post","link":"https:\/\/www.zsvyhlidka.cz\/?p=37209","title":{"rendered":"Zah\u00e1jen\u00ed nov\u00e9ho \u0161koln\u00edho roku"},"content":{"rendered":"\n<p>V \u00fater\u00fd 1. z\u00e1\u0159\u00ed jsme p\u0159iv\u00edtali t\u0159i t\u0159\u00eddy prv\u0148\u00e1\u010dk\u016f. Velk\u00fd den si spolu s nimi u\u017eily tak\u00e9 jejich rodiny. Dopoledne se neslo v p\u0159\u00edjemn\u00e9 a slavnostn\u00ed atmosf\u00e9\u0159e. Po \u00favodn\u00edm setk\u00e1n\u00ed ve t\u0159\u00edd\u00e1ch n\u00e1sledoval spole\u010dn\u00fd program na \u0161koln\u00edm n\u00e1dvo\u0159\u00ed.<\/p>\n\n\n\n<p>Nejen na\u0161im prv\u0148\u00e1\u010dk\u016fm, ale i v\u0161em ostatn\u00edm \u017e\u00e1k\u016fm, p\u0159ejeme \u00fasp\u011b\u0161n\u00fd start do nov\u00e9ho \u0161koln\u00edho roku. A\u0165 je pro v\u00e1s nov\u00fd \u0161koln\u00ed rok pln\u00fd radosti, z\u00e1\u017eitk\u016f, p\u0159\u00e1telstv\u00ed a nov\u00fdch poznatk\u016f!<\/p>\n\n\n\n<p><\/p>\n\n\n\n<figure class=\"wp-container-2 wp-block-gallery-1 wp-block-gallery has-nested-images columns-default is-cropped\">\n<figure class=\"wp-block-image size-large\"><a href=\"https:\/\/www.zsvyhlidka.cz\/wp-content\/uploads\/2026\/09\/260901_zahajeni_roku1-scaled.jpg\"><img loading=\"lazy\" width=\"1024\" height=\"768\" data-id=\"37210\"  src=\"https:\/\/www.zsvyhlidka.cz\/wp-content\/uploads\/2026\/09\/260901_zahajeni_roku1-1024x768.jpg\" alt=\"\" class=\"wp-image-37210\" srcset=\"https:\/\/www.zsvyhlidka.cz\/wp-content\/uploads\/2026\/09\/260901_zahajeni_roku1-1024x768.jpg 1024w, https:\/\/www.zsvyhlidka.cz\/wp-content\/uploads\/2026\/09\/260901_zahajeni_roku1-300x225.jpg 300w, https:\/\/www.zsvyhlidka.cz\/wp-content\/uploads\/2026\/09\/260901_zahajeni_roku1-768x576.jpg 768w, https:\/\/www.zsvyhlidka.cz\/wp-content\/uploads\/2026\/09\/260901_zahajeni_roku1-1536x1152.jpg 1536w, https:\/\/www.zsvyhlidka.cz\/wp-content\/uploads\/2026\/09\/260901_zahajeni_roku1-2048x1536.jpg 2048w, https:\/\/www.zsvyhlidka.cz\/wp-content\/uploads\/2026\/09\/260901_zahajeni_roku1-360x270.jpg 360w\" sizes=\"(max-width: 1024px) 100vw, 1024px\" \/><\/a><\/figure>\n\n\n\n<figure class=\"wp-block-image size-large\"><a href=\"https:\/\/www.zsvyhlidka.cz\/wp-content\/uploads\/2026\/09\/260901_zahajeni_roku2-scaled.jpg\"><img loading=\"lazy\" width=\"1024\" height=\"768\" data-id=\"37211\"  src=\"https:\/\/www.zsvyhlidka.cz\/wp-content\/uploads\/2026\/09\/260901_zahajeni_roku2-1024x768.jpg\" alt=\"\" class=\"wp-image-37211\" srcset=\"https:\/\/www.zsvyhlidka.cz\/wp-content\/uploads\/2026\/09\/260901_zahajeni_roku2-1024x768.jpg 1024w, https:\/\/www.zsvyhlidka.cz\/wp-content\/uploads\/2026\/09\/260901_zahajeni_roku2-300x225.jpg 300w, https:\/\/www.zsvyhlidka.cz\/wp-content\/uploads\/2026\/09\/260901_zahajeni_roku2-768x576.jpg 768w, https:\/\/www.zsvyhlidka.cz\/wp-content\/uploads\/2026\/09\/260901_zahajeni_roku2-1536x1152.jpg 1536w, https:\/\/www.zsvyhlidka.cz\/wp-content\/uploads\/2026\/09\/260901_zahajeni_roku2-2048x1536.jpg 2048w, https:\/\/www.zsvyhlidka.cz\/wp-content\/uploads\/2026\/09\/260901_zahajeni_roku2-360x270.jpg 360w\" sizes=\"(max-width: 1024px) 100vw, 1024px\" \/><\/a><\/figure>\n<\/figure>\n","protected":false},"excerpt":{"rendered":"<p>V \u00fater\u00fd 1. z\u00e1\u0159\u00ed jsme p\u0159iv\u00edtali t\u0159i t\u0159\u00eddy prv\u0148\u00e1\u010dk\u016f. Velk\u00fd den si spolu s nimi u\u017eily tak\u00e9 jejich rodiny. Dopoledne se neslo v p\u0159\u00edjemn\u00e9 a slavnostn\u00ed atmosf\u00e9\u0159e. Po \u00favodn\u00edm setk\u00e1n\u00ed ve t\u0159\u00edd\u00e1ch n\u00e1sledoval spole\u010dn\u00fd program na \u0161koln\u00edm n\u00e1dvo\u0159\u00ed. Nejen na\u0161im <a href=\"https:\/\/www.zsvyhlidka.cz\/?p=37209\" class=\"read-more\">Zobrazit v\u00edce&#8230;<\/a><\/p>\n","protected":false},"author":2,"featured_media":0,"comment_status":"closed","ping_status":"closed","sticky":false,"template":"","format":"standard","meta":[],"categories":[2,20],"tags":[],"_links":{"self":[{"href":"https:\/\/www.zsvyhlidka.cz\/index.php?rest_route=\/wp\/v2\/posts\/37209"}],"collection":[{"href":"https:\/\/www.zsvyhlidka.cz\/index.php?rest_route=\/wp\/v2\/posts"}],"about":[{"href":"https:\/\/www.zsvyhlidka.cz\/index.php?rest_route=\/wp\/v2\/types\/post"}],"author":[{"embeddable":true,"href":"https:\/\/www.zsvyhlidka.cz\/index.php?rest_route=\/wp\/v2\/users\/2"}],"replies":[{"embeddable":true,"href":"https:\/\/www.zsvyhlidka.cz\/index.php?rest_route=%2Fwp%2Fv2%2Fcomments&post=37209"}],"version-history":[{"count":1,"href":"https:\/\/www.zsvyhlidka.cz\/index.php?rest_route=\/wp\/v2\/posts\/37209\/revisions"}],"predecessor-version":[{"id":37212,"href":"https:\/\/www.zsvyhlidka.cz\/index.php?rest_route=\/wp\/v2\/posts\/37209\/revisions\/37212"}],"wp:attachment":[{"href":"https:\/\/www.zsvyhlidka.cz\/index.php?rest_route=%2Fwp%2Fv2%2Fmedia&parent=37209"}],"wp:term":[{"taxonomy":"category","embeddable":true,"href":"https:\/\/www.zsvyhlidka.cz\/index.php?rest_route=%2Fwp%2Fv2%2Fcategories&post=37209"},{"taxonomy":"post_tag","embeddable":true,"href":"https:\/\/www.zsvyhlidka.cz\/index.php?rest_route=%2Fwp%2Fv2%2Ftags&post=37209"}],"curies":[{"name":"wp","href":"https:\/\/api.w.org\/{rel}","templated":true}]}}