{"id":37267,"date":"2026-09-04T12:41:46","date_gmt":"2026-09-04T10:41:46","guid":{"rendered":"https:\/\/www.zsvyhlidka.cz\/?p=37267"},"modified":"2026-09-04T12:41:47","modified_gmt":"2026-09-04T10:41:47","slug":"od-prvniho-kroku","status":"publish","type":"post","link":"https:\/\/www.zsvyhlidka.cz\/?p=37267","title":{"rendered":"OD PRVN\u00cdHO KROKU"},"content":{"rendered":"\n<p>Druh\u00fd \u0161koln\u00ed den byl pro na\u0161e prv\u0148\u00e1\u010dky op\u011bt v\u00fdjime\u010dn\u00fd. V r\u00e1mci spole\u010dn\u00e9ho projektu Od prvn\u00edho kroku se \u017e\u00e1ci 1.+ 9. ro\u010dn\u00edk\u016f vz\u00e1jemn\u011b sezn\u00e1mili a str\u00e1vili spolu p\u0159\u00edjemn\u00e9 chv\u00edle pln\u00e9 z\u00e1bavy, sout\u011b\u017een\u00ed a spolupr\u00e1ce. Ka\u017ed\u00fd prv\u0148\u00e1\u010dek z\u00edskal sv\u00e9ho \u201epatrona\u201c dev\u00e1\u0165\u00e1ka, kter\u00fd jej doprovodil a\u017e do t\u0159\u00eddy. Na z\u00e1v\u011br nechyb\u011blo ani symbolick\u00e9 d\u011btsk\u00e9 \u0161ampa\u0148sk\u00e9 k oslav\u011b jejich prvn\u00edho spole\u010dn\u00e9ho \u0161koln\u00edho dobrodru\u017estv\u00ed. V\u011b\u0159\u00edme, \u017ee setk\u00e1n\u00edm vznikla nov\u00e1 p\u0159\u00e1telstv\u00ed a \u017ee tento prvn\u00ed krok k vz\u00e1jemn\u00e9 spolupr\u00e1ci bude za\u010d\u00e1tkem mnoha dal\u0161\u00edch spole\u010dn\u00fdch z\u00e1\u017eitk\u016f.<\/p>\n","protected":false},"excerpt":{"rendered":"<p>Druh\u00fd \u0161koln\u00ed den byl pro na\u0161e prv\u0148\u00e1\u010dky op\u011bt v\u00fdjime\u010dn\u00fd. V r\u00e1mci spole\u010dn\u00e9ho projektu Od prvn\u00edho kroku se \u017e\u00e1ci 1.+ 9. ro\u010dn\u00edk\u016f vz\u00e1jemn\u011b sezn\u00e1mili a str\u00e1vili spolu p\u0159\u00edjemn\u00e9 chv\u00edle pln\u00e9 z\u00e1bavy, sout\u011b\u017een\u00ed a spolupr\u00e1ce. Ka\u017ed\u00fd prv\u0148\u00e1\u010dek z\u00edskal sv\u00e9ho \u201epatrona\u201c dev\u00e1\u0165\u00e1ka, kter\u00fd <a href=\"https:\/\/www.zsvyhlidka.cz\/?p=37267\" class=\"read-more\">Zobrazit v\u00edce&#8230;<\/a><\/p>\n","protected":false},"author":2,"featured_media":0,"comment_status":"closed","ping_status":"closed","sticky":false,"template":"","format":"standard","meta":[],"categories":[2,20],"tags":[],"_links":{"self":[{"href":"https:\/\/www.zsvyhlidka.cz\/index.php?rest_route=\/wp\/v2\/posts\/37267"}],"collection":[{"href":"https:\/\/www.zsvyhlidka.cz\/index.php?rest_route=\/wp\/v2\/posts"}],"about":[{"href":"https:\/\/www.zsvyhlidka.cz\/index.php?rest_route=\/wp\/v2\/types\/post"}],"author":[{"embeddable":true,"href":"https:\/\/www.zsvyhlidka.cz\/index.php?rest_route=\/wp\/v2\/users\/2"}],"replies":[{"embeddable":true,"href":"https:\/\/www.zsvyhlidka.cz\/index.php?rest_route=%2Fwp%2Fv2%2Fcomments&post=37267"}],"version-history":[{"count":1,"href":"https:\/\/www.zsvyhlidka.cz\/index.php?rest_route=\/wp\/v2\/posts\/37267\/revisions"}],"predecessor-version":[{"id":37268,"href":"https:\/\/www.zsvyhlidka.cz\/index.php?rest_route=\/wp\/v2\/posts\/37267\/revisions\/37268"}],"wp:attachment":[{"href":"https:\/\/www.zsvyhlidka.cz\/index.php?rest_route=%2Fwp%2Fv2%2Fmedia&parent=37267"}],"wp:term":[{"taxonomy":"category","embeddable":true,"href":"https:\/\/www.zsvyhlidka.cz\/index.php?rest_route=%2Fwp%2Fv2%2Fcategories&post=37267"},{"taxonomy":"post_tag","embeddable":true,"href":"https:\/\/www.zsvyhlidka.cz\/index.php?rest_route=%2Fwp%2Fv2%2Ftags&post=37267"}],"curies":[{"name":"wp","href":"https:\/\/api.w.org\/{rel}","templated":true}]}}